{"id":8511,"date":"2018-03-14T17:41:48","date_gmt":"2018-03-14T17:41:48","guid":{"rendered":"http:\/\/archiv.szolnoktv.hu\/?p=8511"},"modified":"2021-08-13T19:53:21","modified_gmt":"2021-08-13T19:53:21","slug":"koszoruzassal-vette-kezdetet-a-marcius-15-i-programsorozat","status":"publish","type":"post","link":"http:\/\/archiv.szolnoktv.hu\/?p=8511","title":{"rendered":"Koszor\u00faz\u00e1ssal vette kezdet\u00e9t a m\u00e1rcius 15-i programsorozat"},"content":{"rendered":"<div class='booster-block booster-read-block'><\/div><p>Kossuth-dalokkal nyitotta meg a 170 \u00e9ves 1848-49 forradalom \u00e9s szabads\u00e1gharc eml\u00e9k\u00e9re szervezett k\u00e9tnapos rendezv\u00e9nysorozatot a Szolnoki N\u00e9pdalk\u00f6r. A r\u00e9sztvev\u0151k a V\u00e1rosh\u00e1z\u00e1n a szabads\u00e1gharc szellemi atyja el\u0151tt tisztelegtek. A v\u00e1ros nev\u00e9ben Kossut Lajos szobr\u00e1n\u00e1l Dr. Sebesty\u00e9n Ildik\u00f3 jegyz\u0151, illetve Dr. R\u00e1cz Andrea aljegyz\u0151 helyezett el koszor\u00fat. <br \/>A koszor\u00faz\u00e1s a Damjanich J\u00e1nos M\u00fazeum udvar\u00e1n folytat\u00f3dott. Az \u00fcnneps\u00e9g a t\u00f6rt\u00e9nelmi z\u00e1szl\u00f3k behozatal\u00e1val kezd\u0151d\u00f6tt, majd a Fi\u00fam \u00dati \u00c1ltal\u00e1nos Iskola di\u00e1kjai eml\u00e9keztek meg a szabads\u00e1gharc h\u0151seir\u0151l.<br \/>A m\u00fazeumi \u00fcnneps\u00e9gnek hagyom\u00e1nya van a v\u00e1rosban, mely keret\u00e9ben a szabads\u00e1gharc t\u00e1bornoka, illetve a szolnoki csata h\u0151se Damjanich J\u00e1nos el\u0151tt tisztelegnek a megeml\u00e9kez\u0151k. <\/p>\n<p>-Damjanich J\u00e1nos t\u00e1bornok neve szorosan k\u00f6t\u0151dik a szolnokiak tudat\u00e1ban ezekhez az esem\u00e9nyekhez. A lok\u00e1lpatriotizmusunknak \u00e9s az indentit\u00e1sunknak egyik nagyon fontos sz\u00e1la az \u0151 szem\u00e9lye \u00e9s tev\u00e9kenys\u00e9ge. Hiszen az 1849 \u00e9v a magyar szabads\u00e1gharc szempontj\u00e1b\u00f3l rosszul kezd\u0151d\u00f6tt. A korm\u00e1nynak vissza kellett vonulnia Debrecenbe. Nem \u00e9rtek el hadi sikereket \u00e9s ennek a hadi megford\u00edt\u00e1sa a m\u00e1rcius 5-i sikeres szolnoki \u00fctk\u00f6zet volt Damjanich vezet\u00e9s\u00e9vel.&#8221;- mondta Kov\u00e1csn\u00e9 Dr. Kaposv\u00e1ri Gy\u00f6ngyi a Damjanich J\u00e1nos M\u00fazeum igazgat\u00f3 helyettese.<\/p>\n<p>A megeml\u00e9kez\u00e9s v\u00e9g\u00e9n a 2006-ban \u00e1tadott Damjanich J\u00e1nost \u00e1br\u00e1zol\u00f3 domborm\u0171 el\u0151tt koszor\u00faval tisztelegtek a r\u00e9sztvev\u0151k. Az alkot\u00e1sn\u00e1l a v\u00e1ros \u00f6nkorm\u00e1nyzata nev\u00e9ben Szab\u00f3 Istv\u00e1n alpolg\u00e1rmester, a Szolnoki Hely\u0151rs\u00e9g Parancsnoks\u00e1g \u00e9s a hely\u0151rs\u00e9gbe telep\u00fclt alakulatok, a Kereszt\u00e9ny Kultur\u00e1lis Egyes\u00fclet, a Damjanich J\u00e1nos Bar\u00e1ti k\u00f6r, majd az int\u00e9zm\u00e9ny helyezte el koszor\u00faj\u00e1t<br \/>\n<br \/>\n<div style=\"width: 640px;\" class=\"wp-video\"><!--[if lt IE 9]><script>document.createElement('video');<\/script><![endif]-->\n<video class=\"wp-video-shortcode\" id=\"video-8511-1\" width=\"640\" height=\"360\" preload=\"metadata\" controls=\"controls\"><source type=\"video\/mp4\" src=\"\/spots\/hir\/hir_180314_08.mp4?_=1\" \/><a href=\"\/spots\/hir\/hir_180314_08.mp4\">\/spots\/hir\/hir_180314_08.mp4<\/a><\/video><\/div><\/p>\n","protected":false},"excerpt":{"rendered":"<p>Kossuth-dalokkal nyitotta meg a 170 \u00e9ves 1848-49 forradalom \u00e9s szabads\u00e1gharc eml\u00e9k\u00e9re szervezett k\u00e9tnapos rendezv\u00e9nysorozatot a Szolnoki N\u00e9pdalk\u00f6r. A r\u00e9sztvev\u0151k a V\u00e1rosh\u00e1z\u00e1n a szabads\u00e1gharc szellemi atyja el\u0151tt tisztelegtek. A v\u00e1ros nev\u00e9ben Kossut Lajos szobr\u00e1n\u00e1l Dr. Sebesty\u00e9n Ildik\u00f3 jegyz\u0151, illetve Dr. R\u00e1cz Andrea aljegyz\u0151 helyezett el koszor\u00fat. A koszor\u00faz\u00e1s a Damjanich J\u00e1nos M\u00fazeum udvar\u00e1n folytat\u00f3dott. Az \u00fcnneps\u00e9g [&hellip;]<\/p>\n","protected":false},"author":2,"featured_media":0,"comment_status":"closed","ping_status":"closed","sticky":false,"template":"","format":"standard","meta":[],"categories":[9],"tags":[],"_links":{"self":[{"href":"http:\/\/archiv.szolnoktv.hu\/index.php?rest_route=\/wp\/v2\/posts\/8511"}],"collection":[{"href":"http:\/\/archiv.szolnoktv.hu\/index.php?rest_route=\/wp\/v2\/posts"}],"about":[{"href":"http:\/\/archiv.szolnoktv.hu\/index.php?rest_route=\/wp\/v2\/types\/post"}],"author":[{"embeddable":true,"href":"http:\/\/archiv.szolnoktv.hu\/index.php?rest_route=\/wp\/v2\/users\/2"}],"replies":[{"embeddable":true,"href":"http:\/\/archiv.szolnoktv.hu\/index.php?rest_route=%2Fwp%2Fv2%2Fcomments&post=8511"}],"version-history":[{"count":1,"href":"http:\/\/archiv.szolnoktv.hu\/index.php?rest_route=\/wp\/v2\/posts\/8511\/revisions"}],"predecessor-version":[{"id":8562,"href":"http:\/\/archiv.szolnoktv.hu\/index.php?rest_route=\/wp\/v2\/posts\/8511\/revisions\/8562"}],"wp:attachment":[{"href":"http:\/\/archiv.szolnoktv.hu\/index.php?rest_route=%2Fwp%2Fv2%2Fmedia&parent=8511"}],"wp:term":[{"taxonomy":"category","embeddable":true,"href":"http:\/\/archiv.szolnoktv.hu\/index.php?rest_route=%2Fwp%2Fv2%2Fcategories&post=8511"},{"taxonomy":"post_tag","embeddable":true,"href":"http:\/\/archiv.szolnoktv.hu\/index.php?rest_route=%2Fwp%2Fv2%2Ftags&post=8511"}],"curies":[{"name":"wp","href":"https:\/\/api.w.org\/{rel}","templated":true}]}}