{"id":8510,"date":"2018-03-14T16:00:03","date_gmt":"2018-03-14T16:00:03","guid":{"rendered":"http:\/\/archiv.szolnoktv.hu\/?p=8510"},"modified":"2021-08-13T19:53:21","modified_gmt":"2021-08-13T19:53:21","slug":"szotyori-lazar-zoltan-kivonult-a-kozgyulesrol","status":"publish","type":"post","link":"http:\/\/archiv.szolnoktv.hu\/?p=8510","title":{"rendered":"Szotyori-L\u00e1z\u00e1r Zolt\u00e1n kivonult a k\u00f6zgy\u0171l\u00e9sr\u0151l"},"content":{"rendered":"<div class='booster-block booster-read-block'><\/div><p>&#8216;<\/p>\n<p> -El is megyek.&#8221;<\/p>\n<p> -El is megyek!&#8221; &#8211; Ezek voltak az utols\u00f3 szavai Szotyori-L\u00e1z\u00e1r Zolt\u00e1nnak miel\u0151tt kil\u00e9pett az ajt\u00f3n. A jobbikos k\u00e9pvisel\u0151 a v\u00e1rosi k\u00f6zgy\u0171l\u00e9s mai \u00fcl\u00e9s\u00e9t hagyta ott az els\u0151 napirendi pont ismertet\u00e9se k\u00f6zben. T\u00e1voz\u00e1sa el\u0151tt Szalay Ferenc polg\u00e1rmestert kritiz\u00e1lta. <\/p>\n<p> -\u00dagy t\u0171nt nekem, hogy \u00f6n menek\u00fclt valami el\u0151l.&#8221;<\/p>\n<p>Napirend el\u0151tti felsz\u00f3lal\u00e1s\u00e1ban a k\u00e9pvisel\u0151 azt mondta: Szalay Ferenc az OLAF vizsg\u00e1lattal kapcsolatban nem v\u00e1laszol a H\u00edrTV, valamint az RTL Klub k\u00e9rd\u00e9seire. Emellett a Jobbikos k\u00e9pvisel\u0151 \u00e1ll\u00edt\u00e1sa szerint, a febru\u00e1ri k\u00f6zgy\u0171l\u00e9sen sz\u00f3ban \u00e9s janu\u00e1r k\u00f6zep\u00e9n \u00edr\u00e1sban feltett, az \u00fcggyel kapcsolatos k\u00e9rd\u00e9seire is csak a 30 napos hat\u00e1rid\u0151 letelt\u00e9vel, egy email alapj\u00e1n \u00e1prilis k\u00f6zep\u00e9ig v\u00e1laszol majd a polg\u00e1rmester.<\/p>\n<p> -Janu\u00e1r k\u00f6zep\u00e9n tettem fel \u00f6nnek k\u00e9rd\u00e9seket -\u00edr\u00e1sbeli k\u00e9pvisel\u0151i k\u00e9rd\u00e9seket-, t\u00f6bbek k\u00f6z\u00f6tt a Sistrade Kft-vel kapcsolatban, amik szint\u00e9n az Elios botr\u00e1nyhoz kapcsol\u00f3dnak. Ezekre a k\u00e9rd\u00e9sekre \u00f6nnek az SZMSZ \u00e9s az \u00d6nkorm\u00e1nyzati T\u00f6rv\u00e9ny szerint 30 napon bel\u00fcl kellett volna v\u00e1laszt adni, \u00f6n azonban az elm\u00falt h\u00e9ten egy emailt k\u00fcld\u00f6tt nekem, mely szerint \u00f6n ezt \u00e1prilis k\u00f6zep\u00e9ig fogja megv\u00e1laszolni.&#8221;  &#8211;   mondta Szotyori-L\u00e1z\u00e1r Zolt\u00e1n<\/p>\n<p>Szalay Ferenc \u00fagy v\u00e1laszolt: -\u00d6n bement szem\u00e9lyesen besz\u00e9lni jegyz\u0151 asszonnyal \u00e9s ott megbesz\u00e9lt\u00e9k  &#8211;  csak \u00f6n ezt letagadja-, hogy igaz\u00e1b\u00f3l \u00f6n is elfogadta, hogy ez \u00edgy fog t\u00f6rt\u00e9nni.&#8221;<\/p>\n<p>A polg\u00e1rmester a Jobbikos politikus felvet\u00e9s\u00e9re reag\u00e1lva elmondta: a k\u00f6zgy\u0171l\u00e9sen is v\u00e1laszoltak a feltett k\u00e9rd\u00e9seke, illetve a H\u00edrTV is kapott v\u00e1laszokat a t\u00e9m\u00e1ban m\u00e1rcius 8-\u00e1n az Idegenforgalmi \u00e9s Turisztikai t\u00e1j\u00e9koztat\u00f3n a RepT\u00e1rban. A polg\u00e1rmester a mai \u00fcl\u00e9sen megism\u00e9telte a kor\u00e1bbi v\u00e1laszokat, amelyek szerint a v\u00e1ros 1 milli\u00e1rd forint fejleszt\u00e9st \u00e9rt el, a beruh\u00e1z\u00e1s megval\u00f3sult, ezt ellen\u0151rizt\u00e9k \u00e9s a forr\u00e1sokkal Szolnok elsz\u00e1molt. <br \/>Szalay Ferenc, polg\u00e1rmester al\u00e1h\u00fazta: -Mi, ez a k\u00e9pvisel\u0151csoport nem keveset dolgozunk ez\u00e9rt. \u00d6n nem tudom, hogy pontosan mit tesz \u00e9s mit nem, mit fog tenni a k\u00e9s\u0151bbiekben. Nek\u00fcnk nincs sz\u00e9gyenkezni val\u00f3nk, nincs takargatni val\u00f3nk \u00e9s nincs menek\u00fclni val\u00f3nk. Sem az \u00f6n k\u00e9rd\u00e9sei el\u0151l se semmi el\u0151l. V\u00e1laszoltunk mindenre, amit \u0151n k\u00e9rdezett.&#8221; <br \/>Szalay Ferenc mellett Bagdi S\u00e1ndorn\u00e9 is felh\u00edvta Szotyori-L\u00e1z\u00e1r Zolt\u00e1n figyelm\u00e9t a kor\u00e1bbi \u00e9s a mai \u00fcl\u00e9s tapasztalatai alapj\u00e1n arra, hogy tart\u00f3zkodjon a Fidesz frakci\u00f3, valamint a v\u00e1laszt\u00f3polg\u00e1rok s\u00e9rteget\u00e9s\u00e9t\u0151l. <\/p>\n<p>-El is megyek.&#8221;<\/p>\n<p>A v\u00e1laszt\u00e1sok el\u0151tti utols\u00f3 k\u00f6zgy\u0171l\u00e9sen a k\u00e9pvisel\u0151k a V\u00e9s\u0151 \u00fati sportkomplexum meg\u00e9p\u00edt\u00e9s\u00e9hez sz\u00fcks\u00e9ges, a f\u00fcrd\u0151h\u00f6z tartoz\u00f3 \u00e9p\u00fcletek bont\u00e1s\u00e1nak elkezd\u00e9s\u00e9r\u0151l, valamint az M4-es gyorsforgalmi \u00fat \u00e9p\u00edt\u00e9s\u00e9hez kapcsol\u00f3d\u00f3 m\u00f3dos\u00edt\u00e1sokr\u00f3l is t\u00e1rgyaltak.<\/p>\n<p> -Vannak olyan utak, amelyek most m\u00e9g nem v\u00e1rosi tulajdonban vannak, ezeket \u00e1t kell venn\u00fcnk, ezeket a k\u00e9s\u0151bbiekben a gondoz\u00e1sa, karbantart\u00e1sa minket fog terhelni. Ez ilyenkor a t\u00f6rv\u00e9ny \u00e9s a szab\u00e1lyok szerint norm\u00e1lis, de ez is azt jelenti, hogy halad a 4-es \u00fat \u00e9p\u00edt\u00e9se, n\u00e9gy s\u00e1voss\u00e1 alak\u00edt\u00e1sa.&#8221;   &#8211; mondta Szalay Ferenc<\/p>\n<p>Ezek mellett a M\u0171v\u00e9sztelep fel\u00faj\u00edt\u00e1s\u00e1t megel\u0151z\u0151 r\u00e9g\u00e9szeti felt\u00e1r\u00e1s \u00e9s a hamarosan elkezd\u0151d\u0151 \u00e9p\u00fcletbont\u00e1sok \u00fctemez\u00e9s\u00e9r\u0151l is t\u00e1rgyalt a k\u00f6zgy\u0171l\u00e9s. <\/p>\n<p>A Jobbik k\u00e9pvisel\u0151je, Szotyori-L\u00e1z\u00e1r Zolt\u00e1n az al\u00e1bbi k\u00f6zlem\u00e9nyt juttatta el szerkeszt\u0151s\u00e9g\u00fcnkh\u00f6z: -A k\u00f6zgy\u0171l\u00e9sr\u0151l nem &#038;#8220<br \/><\/p>\n","protected":false},"excerpt":{"rendered":"<p>&#8216; -El is megyek.&#8221; -El is megyek!&#8221; &#8211; Ezek voltak az utols\u00f3 szavai Szotyori-L\u00e1z\u00e1r Zolt\u00e1nnak miel\u0151tt kil\u00e9pett az ajt\u00f3n. A jobbikos k\u00e9pvisel\u0151 a v\u00e1rosi k\u00f6zgy\u0171l\u00e9s mai \u00fcl\u00e9s\u00e9t hagyta ott az els\u0151 napirendi pont ismertet\u00e9se k\u00f6zben. T\u00e1voz\u00e1sa el\u0151tt Szalay Ferenc polg\u00e1rmestert kritiz\u00e1lta. -\u00dagy t\u0171nt nekem, hogy \u00f6n menek\u00fclt valami el\u0151l.&#8221; Napirend el\u0151tti felsz\u00f3lal\u00e1s\u00e1ban a k\u00e9pvisel\u0151 azt [&hellip;]<\/p>\n","protected":false},"author":2,"featured_media":0,"comment_status":"closed","ping_status":"closed","sticky":false,"template":"","format":"standard","meta":[],"categories":[9],"tags":[],"_links":{"self":[{"href":"http:\/\/archiv.szolnoktv.hu\/index.php?rest_route=\/wp\/v2\/posts\/8510"}],"collection":[{"href":"http:\/\/archiv.szolnoktv.hu\/index.php?rest_route=\/wp\/v2\/posts"}],"about":[{"href":"http:\/\/archiv.szolnoktv.hu\/index.php?rest_route=\/wp\/v2\/types\/post"}],"author":[{"embeddable":true,"href":"http:\/\/archiv.szolnoktv.hu\/index.php?rest_route=\/wp\/v2\/users\/2"}],"replies":[{"embeddable":true,"href":"http:\/\/archiv.szolnoktv.hu\/index.php?rest_route=%2Fwp%2Fv2%2Fcomments&post=8510"}],"version-history":[{"count":1,"href":"http:\/\/archiv.szolnoktv.hu\/index.php?rest_route=\/wp\/v2\/posts\/8510\/revisions"}],"predecessor-version":[{"id":8563,"href":"http:\/\/archiv.szolnoktv.hu\/index.php?rest_route=\/wp\/v2\/posts\/8510\/revisions\/8563"}],"wp:attachment":[{"href":"http:\/\/archiv.szolnoktv.hu\/index.php?rest_route=%2Fwp%2Fv2%2Fmedia&parent=8510"}],"wp:term":[{"taxonomy":"category","embeddable":true,"href":"http:\/\/archiv.szolnoktv.hu\/index.php?rest_route=%2Fwp%2Fv2%2Fcategories&post=8510"},{"taxonomy":"post_tag","embeddable":true,"href":"http:\/\/archiv.szolnoktv.hu\/index.php?rest_route=%2Fwp%2Fv2%2Ftags&post=8510"}],"curies":[{"name":"wp","href":"https:\/\/api.w.org\/{rel}","templated":true}]}}