{"id":8509,"date":"2018-03-14T15:52:23","date_gmt":"2018-03-14T15:52:23","guid":{"rendered":"http:\/\/archiv.szolnoktv.hu\/?p=8509"},"modified":"2021-08-13T19:53:22","modified_gmt":"2021-08-13T19:53:22","slug":"atadtak-a-fidesz-sajtodijat","status":"publish","type":"post","link":"http:\/\/archiv.szolnoktv.hu\/?p=8509","title":{"rendered":"\u00c1tadt\u00e1k a Fidesz sajt\u00f3d\u00edj\u00e1t"},"content":{"rendered":"<div class='booster-block booster-read-block'><\/div><p>&#8220;Pontos, hiteles, gyors&#8221;.. A szolnoki \u00fajs\u00e1g\u00edr\u00f3k munk\u00e1j\u00e1t m\u00e9ltatta a Fidesz v\u00e1rosi eln\u00f6ke ma a p\u00e1rt Kossuth t\u00e9ri irod\u00e1j\u00e1ban.<br \/>Imm\u00e1r sok\u00e9ves hagyom\u00e1ny, hogy a Szabad Magyar Sajt\u00f3 Napja alkalm\u00e1b\u00f3l k\u00f6sz\u00f6netet mondanak a helyi m\u00e9diumok munkat\u00e1rsainak. K\u00e1llai M\u00e1ria korm\u00e1nymegb\u00edzott \u00e9s Szalay Ferenc a Fidesz v\u00e1rosi  eln\u00f6ke egyar\u00e1nt azt hangs\u00falyozta, a szolnoki h\u00edrek id\u0151ben \u00e9s a lakoss\u00e1g \u00e1ltal elv\u00e1rt min\u0151s\u00e9gben jutnak el a h\u00e1ztart\u00e1sokba.<\/p>\n<p>&#8220;\u00c9n azt tapasztalom, hogy az embereknek az a fontos, hogy a lehet\u0151 leg\u00e9rthet\u0151bb m\u00f3don tudjanak t\u00e1j\u00e9koz\u00f3dni a mindennapok dolgair\u00f3l. Term\u00e9szetesen a mai bulv\u00e1r vil\u00e1g\u00e1ban el\u00e9g neh\u00e9z megtal\u00e1lni azt az utat ami ide vezet \u00e9s hogyha van a szolnoki m\u00e9di\u00e1nak eredm\u00e9nye, akkor ez ez.&#8221;- mondta Szalay Ferenc.<\/p>\n<p>A Fidesz sajt\u00f3d\u00edj\u00e1t id\u00e9n a Szolnok Telev\u00edzi\u00f3 gy\u00e1rt\u00e1svezet\u0151je, sport- \u00e9s k\u00f6z\u00e9leti szerkeszt\u0151 riportere, m\u0171sorvezet\u0151je, Pet\u0151 D\u00e1vid kapta meg.<\/p>\n<p>&#8220;\u00c9n a mai napig al\u00e1zatosan teszem a munk\u00e1mat minden ir\u00e1ny\u00e1ban \u00e9s \u00fagy \u00e9rzem, hogy ez a j\u00f6v\u0151ben sem fog bel\u0151lem elfogyni, term\u00e9szetesen a lelkesed\u00e9s sem elhanyagolhat\u00f3 t\u00e9nyez\u0151, hogy mindig megtal\u00e1ld azt a kih\u00edv\u00e1st, azt a szitu\u00e1ci\u00f3t amiben megtal\u00e1lod a saj\u00e1t magad amb\u00edci\u00f3j\u00e1t.&#8221;<\/p>\n<p>D\u00e1vid munk\u00e1j\u00e1t a pontoss\u00e1g, a megb\u00edzhat\u00f3s\u00e1g \u00e9s a hozz\u00e1\u00e9rt\u00e9s jellemzi- \u00e1ll a m\u00e9ltat\u00e1sban. Elismer\u00e9s\u00e9hez szerkeszt\u0151s\u00e9g\u00fcnk valamennyi munkat\u00e1rsa gratul\u00e1l.<\/p>\n<div style=\"width: 640px;\" class=\"wp-video\"><!--[if lt IE 9]><script>document.createElement('video');<\/script><![endif]-->\n<video class=\"wp-video-shortcode\" id=\"video-8509-1\" width=\"640\" height=\"360\" preload=\"metadata\" controls=\"controls\"><source type=\"video\/mp4\" src=\"\/spots\/hir\/hir_180314_04.mp4?_=1\" \/><a href=\"\/spots\/hir\/hir_180314_04.mp4\">\/spots\/hir\/hir_180314_04.mp4<\/a><\/video><\/div>\n","protected":false},"excerpt":{"rendered":"<p>&#8220;Pontos, hiteles, gyors&#8221;.. A szolnoki \u00fajs\u00e1g\u00edr\u00f3k munk\u00e1j\u00e1t m\u00e9ltatta a Fidesz v\u00e1rosi eln\u00f6ke ma a p\u00e1rt Kossuth t\u00e9ri irod\u00e1j\u00e1ban.Imm\u00e1r sok\u00e9ves hagyom\u00e1ny, hogy a Szabad Magyar Sajt\u00f3 Napja alkalm\u00e1b\u00f3l k\u00f6sz\u00f6netet mondanak a helyi m\u00e9diumok munkat\u00e1rsainak. K\u00e1llai M\u00e1ria korm\u00e1nymegb\u00edzott \u00e9s Szalay Ferenc a Fidesz v\u00e1rosi eln\u00f6ke egyar\u00e1nt azt hangs\u00falyozta, a szolnoki h\u00edrek id\u0151ben \u00e9s a lakoss\u00e1g \u00e1ltal elv\u00e1rt [&hellip;]<\/p>\n","protected":false},"author":2,"featured_media":0,"comment_status":"closed","ping_status":"closed","sticky":false,"template":"","format":"standard","meta":[],"categories":[9],"tags":[],"_links":{"self":[{"href":"http:\/\/archiv.szolnoktv.hu\/index.php?rest_route=\/wp\/v2\/posts\/8509"}],"collection":[{"href":"http:\/\/archiv.szolnoktv.hu\/index.php?rest_route=\/wp\/v2\/posts"}],"about":[{"href":"http:\/\/archiv.szolnoktv.hu\/index.php?rest_route=\/wp\/v2\/types\/post"}],"author":[{"embeddable":true,"href":"http:\/\/archiv.szolnoktv.hu\/index.php?rest_route=\/wp\/v2\/users\/2"}],"replies":[{"embeddable":true,"href":"http:\/\/archiv.szolnoktv.hu\/index.php?rest_route=%2Fwp%2Fv2%2Fcomments&post=8509"}],"version-history":[{"count":1,"href":"http:\/\/archiv.szolnoktv.hu\/index.php?rest_route=\/wp\/v2\/posts\/8509\/revisions"}],"predecessor-version":[{"id":8564,"href":"http:\/\/archiv.szolnoktv.hu\/index.php?rest_route=\/wp\/v2\/posts\/8509\/revisions\/8564"}],"wp:attachment":[{"href":"http:\/\/archiv.szolnoktv.hu\/index.php?rest_route=%2Fwp%2Fv2%2Fmedia&parent=8509"}],"wp:term":[{"taxonomy":"category","embeddable":true,"href":"http:\/\/archiv.szolnoktv.hu\/index.php?rest_route=%2Fwp%2Fv2%2Fcategories&post=8509"},{"taxonomy":"post_tag","embeddable":true,"href":"http:\/\/archiv.szolnoktv.hu\/index.php?rest_route=%2Fwp%2Fv2%2Ftags&post=8509"}],"curies":[{"name":"wp","href":"https:\/\/api.w.org\/{rel}","templated":true}]}}