{"id":8508,"date":"2018-03-14T15:36:21","date_gmt":"2018-03-14T15:36:21","guid":{"rendered":"http:\/\/archiv.szolnoktv.hu\/?p=8508"},"modified":"2021-08-13T19:53:22","modified_gmt":"2021-08-13T19:53:22","slug":"tiszta-to-a-tisza-to-bejelentes","status":"publish","type":"post","link":"http:\/\/archiv.szolnoktv.hu\/?p=8508","title":{"rendered":"Tiszta t\u00f3 a Tisza- t\u00f3 bejelent\u00e9s"},"content":{"rendered":"<div class='booster-block booster-read-block'><\/div><p>A Tiszta t\u00f3 a Tisza- t\u00f3 projekt els\u0151 \u00fcteme 2016 \u00e1prilis\u00e1ban indult el, a m\u00e1sodik pedig egy \u00e9vre r\u00e1. A program sor\u00e1n a t\u00f3 partj\u00e1n 40 helyen 120 darab 1100 literes szelekt\u00edv hullad\u00e9kgy\u0171jt\u0151t helyeztek ki. Most azonban  m\u00e1s oldalr\u00f3l k\u00f6zel\u00edtik meg a szeml\u00e9letform\u00e1l\u00e1st. Az idei, 2018- as- m\u00e1r janu\u00e1rban megkezdett- program els\u0151sorban a fiatalokat sz\u00f3l\u00edtja meg. <\/p>\n<p>Horv\u00e1th B\u00e9la nyug\u00e1llom\u00e1ny\u00fa f\u0151m\u00e9rn\u00f6k, a &#8220;Tisza- t\u00f3 nagyk\u00f6vete&#8221;  &#8220;Mint ahogy a tavasz is arra k\u00e9sz\u00edti fel a term\u00e9szetet, hogy v\u00e9gre azt az arc\u00e1t mutassa ami\u00e9rt oly sokan szeretik \u00e9s oly sokan r\u00e1ndulnak ki ide a Tisza t\u00f3 mell\u00e9- \u00edgy nek\u00fcnk embereknek is arra kell k\u00e9sz\u00fcln\u00fcnk, hogy ezt a terhel\u00e9st ami \u00f3hatatlanul az itt megjelent t\u00f6bb t\u00edzezer- vagy esetleg t\u00f6bb sz\u00e1zezer l\u00e1togat\u00f3 okoz, erre a terhel\u00e9sre f\u00f6lk\u00e9sz\u00fclj\u00fcnk, illetve f\u00f6lk\u00e9sz\u00edts\u00fck a k\u00f6rnyezet\u00fcnket.&#8221;- hangs\u00falyozta Horv\u00e1th B\u00e9la nyug\u00e1llom\u00e1ny\u00fa f\u0151m\u00e9rn\u00f6k, a &#8220;Tisza- t\u00f3 nagyk\u00f6vete&#8221;.<\/p>\n<p>A szeml\u00e9letform\u00e1l\u00e1s jegy\u00e9ben egyebek mellett amat\u0151r kisfilmp\u00e1ly\u00e1zatot hirdetnek, n\u00e9gy telep\u00fcl\u00e9st \u00e9rint\u0151 &#8220;t\u00f3ismereti&#8221; roadshow- t rendeznek, m\u00e1jusban ism\u00e9t tet\u0151 al\u00e1 hozz\u00e1k a Tisza- t\u00f3 Napj\u00e1t \u00e9s id\u00e9n el\u0151sz\u00f6r megrendezik a T\u00d3M\u00c9K mez\u0151gazdas\u00e1gi, \u00e9lelmiszeripari ki\u00e1ll\u00edt\u00e1st \u00e9s v\u00e1s\u00e1rt m\u00e1rcius 23.- \u00e1n \u00e9s 24. -\u00e9n. <\/p>\n<p> &#8220;Nagyon sok jelentkez\u0151 van. Az \u00f6sszes olyan egyetem amelynek mez\u0151gazdas\u00e1gi \u00e9s agr\u00e1rk\u00e9pz\u00e9se van el\u0151ad\u00e1st tart, bemutatkozik, az \u00f6sszes mez\u0151gazdas\u00e1gi g\u00e9pgy\u00e1rt\u00f3 \u00e9s forgalmaz\u00f3 c\u00e9g \u00e9s h\u00e1t itt lesznek a miniszt\u00e9riumok r\u00e9sz\u00e9r\u0151l \u00e9s itt lesz a n\u00e9gy megye amely hat\u00e1ros a Tiszat\u00f3val annak a k\u00e9pviselet\u00e9ben egy hatalmas seregszeml\u00e9vel ind\u00edtjuk az \u00e9vet, a kultur\u00e1lis \u00e9s a turisztikai \u00e9vet itt a Tiszat\u00f3 k\u00f6rny\u00e9k\u00e9n.&#8221;<\/p>\n<p>Kov\u00e1cs S\u00e1ndor a megyei k\u00f6zgy\u0171l\u00e9s eln\u00f6ke elmondta m\u00e9g, hogy k\u00fcl\u00f6n\u00f6sen hangs\u00falyos az idei esztend\u0151, hiszen 2018- ban 40 \u00e9ves a Tisza- t\u00f3 \u00e9s 45 \u00e9ves a Kisk\u00f6rei V\u00edzl\u00e9pcs\u0151.<\/p>\n<div style=\"width: 640px;\" class=\"wp-video\"><!--[if lt IE 9]><script>document.createElement('video');<\/script><![endif]-->\n<video class=\"wp-video-shortcode\" id=\"video-8508-1\" width=\"640\" height=\"360\" preload=\"metadata\" controls=\"controls\"><source type=\"video\/mp4\" src=\"\/spots\/hir\/hir_180314_03.mp4?_=1\" \/><a href=\"\/spots\/hir\/hir_180314_03.mp4\">\/spots\/hir\/hir_180314_03.mp4<\/a><\/video><\/div>\n","protected":false},"excerpt":{"rendered":"<p>A Tiszta t\u00f3 a Tisza- t\u00f3 projekt els\u0151 \u00fcteme 2016 \u00e1prilis\u00e1ban indult el, a m\u00e1sodik pedig egy \u00e9vre r\u00e1. A program sor\u00e1n a t\u00f3 partj\u00e1n 40 helyen 120 darab 1100 literes szelekt\u00edv hullad\u00e9kgy\u0171jt\u0151t helyeztek ki. Most azonban m\u00e1s oldalr\u00f3l k\u00f6zel\u00edtik meg a szeml\u00e9letform\u00e1l\u00e1st. Az idei, 2018- as- m\u00e1r janu\u00e1rban megkezdett- program els\u0151sorban a fiatalokat sz\u00f3l\u00edtja [&hellip;]<\/p>\n","protected":false},"author":2,"featured_media":0,"comment_status":"closed","ping_status":"closed","sticky":false,"template":"","format":"standard","meta":[],"categories":[9],"tags":[],"_links":{"self":[{"href":"http:\/\/archiv.szolnoktv.hu\/index.php?rest_route=\/wp\/v2\/posts\/8508"}],"collection":[{"href":"http:\/\/archiv.szolnoktv.hu\/index.php?rest_route=\/wp\/v2\/posts"}],"about":[{"href":"http:\/\/archiv.szolnoktv.hu\/index.php?rest_route=\/wp\/v2\/types\/post"}],"author":[{"embeddable":true,"href":"http:\/\/archiv.szolnoktv.hu\/index.php?rest_route=\/wp\/v2\/users\/2"}],"replies":[{"embeddable":true,"href":"http:\/\/archiv.szolnoktv.hu\/index.php?rest_route=%2Fwp%2Fv2%2Fcomments&post=8508"}],"version-history":[{"count":1,"href":"http:\/\/archiv.szolnoktv.hu\/index.php?rest_route=\/wp\/v2\/posts\/8508\/revisions"}],"predecessor-version":[{"id":8565,"href":"http:\/\/archiv.szolnoktv.hu\/index.php?rest_route=\/wp\/v2\/posts\/8508\/revisions\/8565"}],"wp:attachment":[{"href":"http:\/\/archiv.szolnoktv.hu\/index.php?rest_route=%2Fwp%2Fv2%2Fmedia&parent=8508"}],"wp:term":[{"taxonomy":"category","embeddable":true,"href":"http:\/\/archiv.szolnoktv.hu\/index.php?rest_route=%2Fwp%2Fv2%2Fcategories&post=8508"},{"taxonomy":"post_tag","embeddable":true,"href":"http:\/\/archiv.szolnoktv.hu\/index.php?rest_route=%2Fwp%2Fv2%2Ftags&post=8508"}],"curies":[{"name":"wp","href":"https:\/\/api.w.org\/{rel}","templated":true}]}}