{"id":8507,"date":"2018-03-14T15:26:47","date_gmt":"2018-03-14T15:26:47","guid":{"rendered":"http:\/\/archiv.szolnoktv.hu\/?p=8507"},"modified":"2021-08-13T19:53:22","modified_gmt":"2021-08-13T19:53:22","slug":"mszp-sajtotajekoztato-10","status":"publish","type":"post","link":"http:\/\/archiv.szolnoktv.hu\/?p=8507","title":{"rendered":"MSZP sajt\u00f3t\u00e1j\u00e9koztat\u00f3"},"content":{"rendered":"<div class='booster-block booster-read-block'><\/div><p>-Orb\u00e1n Viktor nem szereti saj\u00e1t n\u00e9p\u00e9t, ha szeretn\u00e9, akkor nem k\u00e9nyszer\u00edten\u00e9 arra az embereket, hogy 54 ezer forintb\u00f3l kelljen meg\u00e9lni\u00fck.&#8221; &#8211; kezdte t\u00e1j\u00e9koztat\u00f3j\u00e1t Gy\u00f6rfi Mih\u00e1ly. Az MSZP-P\u00e1rbesz\u00e9d jel\u00f6ltje hozz\u00e1tette: A Fidesz korm\u00e1ny len\u00e9zi a k\u00f6zmunk\u00e1sokat. 1848-ban \u00e9pp a maihoz hasonl\u00f3 jobb\u00e1gysors miatt ment ki a magyar az utc\u00e1ra -fogalmazott a politikus. <\/p>\n<p>-Orb\u00e1n Viktornak t\u00e1voznia kell a hatalomb\u00f3l, k\u00e9rdezz\u00e9k meg magukt\u00f3l az emberek, hogy 54 ezer forintb\u00f3l meg lehet el \u00e9lni ma 8 \u00f3ra munk\u00e1val. Emberek vannak ma szabads\u00e1gukt\u00f3l megfosztva, szeg\u00e9nysorba tasz\u00edtva, ez ma rabszolgas\u00e1g. Arra k\u00e9rem a magyarokat hogy \u00e1prilis 8-\u00e1n szabad\u00edtsuk fel egy\u00fctt Magyarorsz\u00e1got.&#8221;  <\/p>\n<p>F\u00fcggetlen igazs\u00e1gszolg\u00e1ltat\u00e1st tervez az MSZP-P\u00e1rbesz\u00e9d  &#8211;   folytatta a jel\u00f6lt. Lev\u00e1ltan\u00e1k Polt P\u00e9ter legf\u0151bb \u00fcgy\u00e9szt, valamint n\u00e9pszavaz\u00e1st kezdem\u00e9nyezn\u00e9nek k\u00e9t t\u00e9m\u00e1ban: a negyedik k\u00f6zt\u00e1rsas\u00e1g \u00faj alkotm\u00e1ny\u00e1val illetve a k\u00f6zt\u00e1rsas\u00e1gi eln\u00f6k szem\u00e9ly\u00e9vel kapcsolatban. <\/p>\n<p>-A sorra kiker\u00fclt Elios-\u00fcgy, a Tiborcz-\u00fcgy a K\u00f3sa csal\u00e1d \u00fcgyei ut\u00e1n, \u00e9s Semj\u00e9n Zsolt r\u00e9nszarvas r\u00f6ptet\u00e9se ut\u00e1n fontosnak tartjuk egy f\u00fcggetlen antikorrupci\u00f3s \u00fcgyn\u00f6ks\u00e9g fel\u00e1ll\u00edt\u00e1s\u00e1t, melynek egy \u00fcgy\u00e9sz fog \u00e1llni az \u00e9l\u00e9n. &#8211;<br \/>Emellett igazs\u00e1got szolg\u00e1ltatnak a Questor botr\u00e1ny \u00e9s a devizahitelek \u00fcgy\u00e9ben is  &#8211;   z\u00e1rta t\u00e1j\u00e9koztat\u00f3j\u00e1t Gy\u00f6rfi Mih\u00e1ly. <\/p>\n<div style=\"width: 640px;\" class=\"wp-video\"><!--[if lt IE 9]><script>document.createElement('video');<\/script><![endif]-->\n<video class=\"wp-video-shortcode\" id=\"video-8507-1\" width=\"640\" height=\"360\" preload=\"metadata\" controls=\"controls\"><source type=\"video\/mp4\" src=\"\/spots\/hir\/hir_180314_05.mp4?_=1\" \/><a href=\"\/spots\/hir\/hir_180314_05.mp4\">\/spots\/hir\/hir_180314_05.mp4<\/a><\/video><\/div>\n","protected":false},"excerpt":{"rendered":"<p>-Orb\u00e1n Viktor nem szereti saj\u00e1t n\u00e9p\u00e9t, ha szeretn\u00e9, akkor nem k\u00e9nyszer\u00edten\u00e9 arra az embereket, hogy 54 ezer forintb\u00f3l kelljen meg\u00e9lni\u00fck.&#8221; &#8211; kezdte t\u00e1j\u00e9koztat\u00f3j\u00e1t Gy\u00f6rfi Mih\u00e1ly. Az MSZP-P\u00e1rbesz\u00e9d jel\u00f6ltje hozz\u00e1tette: A Fidesz korm\u00e1ny len\u00e9zi a k\u00f6zmunk\u00e1sokat. 1848-ban \u00e9pp a maihoz hasonl\u00f3 jobb\u00e1gysors miatt ment ki a magyar az utc\u00e1ra -fogalmazott a politikus. -Orb\u00e1n Viktornak t\u00e1voznia kell [&hellip;]<\/p>\n","protected":false},"author":2,"featured_media":0,"comment_status":"closed","ping_status":"closed","sticky":false,"template":"","format":"standard","meta":[],"categories":[9],"tags":[],"_links":{"self":[{"href":"http:\/\/archiv.szolnoktv.hu\/index.php?rest_route=\/wp\/v2\/posts\/8507"}],"collection":[{"href":"http:\/\/archiv.szolnoktv.hu\/index.php?rest_route=\/wp\/v2\/posts"}],"about":[{"href":"http:\/\/archiv.szolnoktv.hu\/index.php?rest_route=\/wp\/v2\/types\/post"}],"author":[{"embeddable":true,"href":"http:\/\/archiv.szolnoktv.hu\/index.php?rest_route=\/wp\/v2\/users\/2"}],"replies":[{"embeddable":true,"href":"http:\/\/archiv.szolnoktv.hu\/index.php?rest_route=%2Fwp%2Fv2%2Fcomments&post=8507"}],"version-history":[{"count":1,"href":"http:\/\/archiv.szolnoktv.hu\/index.php?rest_route=\/wp\/v2\/posts\/8507\/revisions"}],"predecessor-version":[{"id":8566,"href":"http:\/\/archiv.szolnoktv.hu\/index.php?rest_route=\/wp\/v2\/posts\/8507\/revisions\/8566"}],"wp:attachment":[{"href":"http:\/\/archiv.szolnoktv.hu\/index.php?rest_route=%2Fwp%2Fv2%2Fmedia&parent=8507"}],"wp:term":[{"taxonomy":"category","embeddable":true,"href":"http:\/\/archiv.szolnoktv.hu\/index.php?rest_route=%2Fwp%2Fv2%2Fcategories&post=8507"},{"taxonomy":"post_tag","embeddable":true,"href":"http:\/\/archiv.szolnoktv.hu\/index.php?rest_route=%2Fwp%2Fv2%2Ftags&post=8507"}],"curies":[{"name":"wp","href":"https:\/\/api.w.org\/{rel}","templated":true}]}}