{"id":8476,"date":"2018-03-14T14:25:08","date_gmt":"2018-03-14T14:25:08","guid":{"rendered":"http:\/\/archiv.szolnoktv.hu\/?p=8476"},"modified":"2021-08-13T19:45:39","modified_gmt":"2021-08-13T19:45:39","slug":"metszesi-bemutato","status":"publish","type":"post","link":"http:\/\/archiv.szolnoktv.hu\/?p=8476","title":{"rendered":"Metsz\u00e9si bemutat\u00f3"},"content":{"rendered":"<div class='booster-block booster-read-block'><\/div><p>A kerti gy\u00fcm\u00f6lcsf\u00e1k 20-40 \u00e9vig hoznak term\u00e9st. Hogy a gy\u00fcm\u00f6lcs\u00f6z\u0151 \u00e9vek min\u00e9l tov\u00e1bb tartsanak, metsz\u00e9ssel tarthatjuk fiatalon \u0151ket. El\u0151sz\u00f6r a f\u00fcgg\u0151leges cs\u00facsr\u00fcgyeket kell nyesni.<\/p>\n<p>Amint el\u00e9ri a h\u0151m\u00e9rs\u00e9klet a 8-10 fokot, el\u00e9rkezett az id\u0151 a legfontosabb tavaszi teend\u0151 elv\u00e9gz\u00e9s\u00e9re: a lemos\u00f3permetez\u00e9sre. Ez elpuszt\u00edtja a gy\u00fcm\u00f6lcsf\u00e1kon megtapadt k\u00e1rtev\u0151k \u00e1ttelel\u0151 alakjait, megnehez\u00edti t\u00e1mad\u00e1sukat a szezon idej\u00e9n \u00e9s lez\u00e1rja a metsz\u00e9si sebeket. El\u0151sz\u00f6r k\u00e9nnel, majd r\u00e9zzel, s v\u00e9g\u00fcl rovar\u00f6l\u0151 szerrel v\u00e9gezz\u00fck a tiszt\u00edt\u00e1st.<\/p>\n<p>-Az fontos, aki hamar elv\u00e9gzi ezeket a feladatokat, a hideg el\u0151tt, teh\u00e1t amikor m\u00e9g hidegebb a k\u00f6rnyezet, akkor vesz\u00edt. De nyilv\u00e1n val\u00f3, hogy ha egy j\u00f3 tavaszi permetez\u00e9st elv\u00e9gez, akkor tov\u00e1bbi 2-3 permetez\u00e9st megtakar\u00edt mag\u00e1nak.&#8221;- mondta Bozs\u00f3 K\u00e1roly, gazdak\u00f6ri tag.<\/p>\n<p>A Bereczki M\u00e1t\u00e9 Gazdak\u00f6r rendezv\u00e9nyei ny\u00edltak \u00e9s nem csak a tagoknak hanem laikusnak is sz\u00f3lnak.<\/p>\n<p>-A kert\u00e9szek, kertbar\u00e1tok kisebb nagyobb termel\u0151k tapasztalatcser\u00e9j\u00e9nek \u00f6sszefog\u00e1sa, az ismeretek, a v\u00e1ltoz\u00e1sok megismertet\u00e9se a gazdak\u00f6r tagjaival, illetve k\u00edv\u00fcl\u00e1ll\u00f3 \u00e9rdekl\u0151d\u0151kkel.&#8221;-nyilatkozta Serf\u0151z\u0151 Imre, a Bereczki M\u00e1t\u00e9 K\u00f6zhaszn\u00fa T\u00e1rsadalmi Szervezet eln\u00f6ke.<\/p>\n<p>A sz\u00fcl\u0151k egyre ink\u00e1bb r\u00e1\u00e9brednek arra, hogy fontos a term\u00e9szet k\u00f6zels\u00e9ge. A gyerekeknek aj\u00e1nlatos megtanulni kap\u00e1lni, \u00e1sni, n\u00f6v\u00e9nyt gondozni. N\u00e9h\u00e1ny gy\u00fcm\u00f6lcsfa el\u00fcltet\u00e9s\u00e9vel \u00e9s egy kis konyhakert kialak\u00edt\u00e1s\u00e1val, a csal\u00e1d teljes z\u00f6lds\u00e9g-gy\u00fcm\u00f6lcs ig\u00e9ny\u00e9t ki lehet el\u00e9g\u00edteni. Nagyobb v\u00e1rosokban pedig egyre ink\u00e1bb elterjed, hogy k\u00f6z\u00f6ss\u00e9gi parcell\u00e1kat k\u00fcl\u00f6n\u00edtenek el n\u00f6v\u00e9nytermeszt\u00e9s c\u00e9lj\u00e1b\u00f3l. A gazdak\u00f6r id\u00e9n folytatja \u00f3voda-iskolakert programj\u00e1t. C\u00e9lja a gyermekek \u00f6kol\u00f3giai szeml\u00e9letform\u00e1l\u00e1sa a term\u00e9szet k\u00f6rfolyamatainak megismertet\u00e9s\u00e9vel a gyakorlati kerti munk\u00e1k \u00e1ltal. A programokr\u00f3l a www.bereczkigazdakor.hu oldalon t\u00e1j\u00e9koz\u00f3dhatnak az \u00e9rdekl\u0151d\u0151k.<\/p>\n<div style=\"width: 640px;\" class=\"wp-video\"><!--[if lt IE 9]><script>document.createElement('video');<\/script><![endif]-->\n<video class=\"wp-video-shortcode\" id=\"video-8476-1\" width=\"640\" height=\"360\" preload=\"metadata\" controls=\"controls\"><source type=\"video\/mp4\" src=\"\/spots\/hir\/hir_180314_02.mp4?_=1\" \/><a href=\"\/spots\/hir\/hir_180314_02.mp4\">\/spots\/hir\/hir_180314_02.mp4<\/a><\/video><\/div>\n","protected":false},"excerpt":{"rendered":"<p>A kerti gy\u00fcm\u00f6lcsf\u00e1k 20-40 \u00e9vig hoznak term\u00e9st. Hogy a gy\u00fcm\u00f6lcs\u00f6z\u0151 \u00e9vek min\u00e9l tov\u00e1bb tartsanak, metsz\u00e9ssel tarthatjuk fiatalon \u0151ket. El\u0151sz\u00f6r a f\u00fcgg\u0151leges cs\u00facsr\u00fcgyeket kell nyesni. Amint el\u00e9ri a h\u0151m\u00e9rs\u00e9klet a 8-10 fokot, el\u00e9rkezett az id\u0151 a legfontosabb tavaszi teend\u0151 elv\u00e9gz\u00e9s\u00e9re: a lemos\u00f3permetez\u00e9sre. Ez elpuszt\u00edtja a gy\u00fcm\u00f6lcsf\u00e1kon megtapadt k\u00e1rtev\u0151k \u00e1ttelel\u0151 alakjait, megnehez\u00edti t\u00e1mad\u00e1sukat a szezon idej\u00e9n \u00e9s [&hellip;]<\/p>\n","protected":false},"author":2,"featured_media":0,"comment_status":"closed","ping_status":"closed","sticky":false,"template":"","format":"standard","meta":[],"categories":[9],"tags":[],"_links":{"self":[{"href":"http:\/\/archiv.szolnoktv.hu\/index.php?rest_route=\/wp\/v2\/posts\/8476"}],"collection":[{"href":"http:\/\/archiv.szolnoktv.hu\/index.php?rest_route=\/wp\/v2\/posts"}],"about":[{"href":"http:\/\/archiv.szolnoktv.hu\/index.php?rest_route=\/wp\/v2\/types\/post"}],"author":[{"embeddable":true,"href":"http:\/\/archiv.szolnoktv.hu\/index.php?rest_route=\/wp\/v2\/users\/2"}],"replies":[{"embeddable":true,"href":"http:\/\/archiv.szolnoktv.hu\/index.php?rest_route=%2Fwp%2Fv2%2Fcomments&post=8476"}],"version-history":[{"count":1,"href":"http:\/\/archiv.szolnoktv.hu\/index.php?rest_route=\/wp\/v2\/posts\/8476\/revisions"}],"predecessor-version":[{"id":8477,"href":"http:\/\/archiv.szolnoktv.hu\/index.php?rest_route=\/wp\/v2\/posts\/8476\/revisions\/8477"}],"wp:attachment":[{"href":"http:\/\/archiv.szolnoktv.hu\/index.php?rest_route=%2Fwp%2Fv2%2Fmedia&parent=8476"}],"wp:term":[{"taxonomy":"category","embeddable":true,"href":"http:\/\/archiv.szolnoktv.hu\/index.php?rest_route=%2Fwp%2Fv2%2Fcategories&post=8476"},{"taxonomy":"post_tag","embeddable":true,"href":"http:\/\/archiv.szolnoktv.hu\/index.php?rest_route=%2Fwp%2Fv2%2Ftags&post=8476"}],"curies":[{"name":"wp","href":"https:\/\/api.w.org\/{rel}","templated":true}]}}