{"id":8475,"date":"2018-03-14T13:03:41","date_gmt":"2018-03-14T13:03:41","guid":{"rendered":"http:\/\/archiv.szolnoktv.hu\/?p=8475"},"modified":"2021-08-13T19:45:39","modified_gmt":"2021-08-13T19:45:39","slug":"az-egeszseges-taplalkozas-fontossagara-figyelmeztet-a-nak","status":"publish","type":"post","link":"http:\/\/archiv.szolnoktv.hu\/?p=8475","title":{"rendered":"Az eg\u00e9szs\u00e9ges t\u00e1pl\u00e1lkoz\u00e1s fontoss\u00e1g\u00e1ra figyelmeztet a NAK"},"content":{"rendered":"<div class='booster-block booster-read-block'><\/div><p>Az \u00e1llatteny\u00e9szt\u00e9ssel \u00e9s a n\u00f6v\u00e9nytermeszt\u00e9ssel ismerkedtek meg tegnap a szandasz\u0151l\u0151si \u00e1ltal\u00e1nos iskol\u00e1sok. A Nemzeti Agr\u00e1rgazdas\u00e1gi Kamara rendezv\u00e9ny\u00e9n a hagyom\u00e1nyos m\u00f3dszereken k\u00edv\u00fcl a biogazd\u00e1lkod\u00e1sba is bevezett\u00e9k a gyerekeket. Az elm\u00e9leten k\u00edv\u00fcl, a gyakorlatban is meg lehetett tapasztalni a hazai k\u00e9zm\u0171ves term\u00e9kek, valamint az ipari keretek k\u00f6z\u00f6tt el\u0151\u00e1ll\u00edtott \u00e9lelmiszer k\u00f6z\u00f6tti k\u00fcl\u00f6nbs\u00e9get. <\/p>\n<p>Kiss R\u00f3bert a NAK megyei igazgat\u00f3ja \u00fagy fogalmazott: -Megyei k\u00e9zm\u0171ves \u00e9lelmiszer el\u0151\u00e1ll\u00edt\u00f3knak a term\u00e9keivel kedvesked\u00fcnk a mai nap a gyermekeknek az \u0151 felaj\u00e1nl\u00e1saik j\u00f3volt\u00e1b\u00f3l. \u00cdgy bio-szendvicseket kapnak, homokt\u00f6vis \u00e9s alma \u00fcd\u00edt\u0151t, iv\u00f3levet, sajtk\u00fcl\u00f6nlegess\u00e9geket, amelyek szint\u00e9n megyei termel\u0151k el\u0151\u00e1ll\u00edt\u00e1s\u00e1b\u00f3l, gazdas\u00e1g\u00e1b\u00f3l sz\u00e1rmazik.&#8221;  <\/p>\n<p>A Nemzeti Agr\u00e1rgazdas\u00e1gi Kamara -Itthonr\u00f3l otthonra&#8221; elnevez\u00e9s\u0171 programj\u00e1nak az a c\u00e9lja, hogy az els\u0151sorban \u00e1ltal\u00e1nos- \u00e9s k\u00f6z\u00e9piskol\u00e1sok figyelm\u00e9t felh\u00edvj\u00e1k a hazai termel\u0151k term\u00e9keire, az eg\u00e9szs\u00e9ges \u00e9letm\u00f3dra illetve a tudatos v\u00e1s\u00e1rl\u00f3i magatart\u00e1s fontoss\u00e1g\u00e1ra. <br \/>-B\u00edzunk benne, hogy a gyerekek ezeket az inform\u00e1ci\u00f3kat elmondj\u00e1k otthon a sz\u00fcl\u0151knek \u00e9s pozit\u00edv hat\u00e1sk\u00e9nt els\u0151sorban a helyi term\u00e9kek ir\u00e1nti kereslet n\u00f6veked\u00e9s\u00e9t tudjuk el\u0151venni.&#8221;  &#8211;   emelte ki S\u00fcle Katalin eln\u00f6ks\u00e9gi sz\u00f3viv\u0151<br \/>A program eddig orsz\u00e1gszerte 34 iskol\u00e1ban j\u00e1rt, az eddigi tapasztalatok azt mutatj\u00e1k, hogy nem csak a gyerekek, hanem a pedag\u00f3gusok k\u00f6r\u00e9ben is n\u00e9pszer\u0171 a kezdem\u00e9nyez\u00e9s: eddig minden int\u00e9zm\u00e9nyben elk\u00e9rt\u00e9k az el\u0151ad\u00e1sok anyag\u00e1t, amelyet a j\u00f6v\u0151 \u00e9vi tantervebe is be fognak \u00e9p\u00edteni  &#8211;   tette hozz\u00e1 S\u00fcle Katalin. <\/p>\n<div style=\"width: 640px;\" class=\"wp-video\"><!--[if lt IE 9]><script>document.createElement('video');<\/script><![endif]-->\n<video class=\"wp-video-shortcode\" id=\"video-8475-1\" width=\"640\" height=\"360\" preload=\"metadata\" controls=\"controls\"><source type=\"video\/mp4\" src=\"\/spots\/hir\/hir_180314_01.mp4?_=1\" \/><a href=\"\/spots\/hir\/hir_180314_01.mp4\">\/spots\/hir\/hir_180314_01.mp4<\/a><\/video><\/div>\n","protected":false},"excerpt":{"rendered":"<p>Az \u00e1llatteny\u00e9szt\u00e9ssel \u00e9s a n\u00f6v\u00e9nytermeszt\u00e9ssel ismerkedtek meg tegnap a szandasz\u0151l\u0151si \u00e1ltal\u00e1nos iskol\u00e1sok. A Nemzeti Agr\u00e1rgazdas\u00e1gi Kamara rendezv\u00e9ny\u00e9n a hagyom\u00e1nyos m\u00f3dszereken k\u00edv\u00fcl a biogazd\u00e1lkod\u00e1sba is bevezett\u00e9k a gyerekeket. Az elm\u00e9leten k\u00edv\u00fcl, a gyakorlatban is meg lehetett tapasztalni a hazai k\u00e9zm\u0171ves term\u00e9kek, valamint az ipari keretek k\u00f6z\u00f6tt el\u0151\u00e1ll\u00edtott \u00e9lelmiszer k\u00f6z\u00f6tti k\u00fcl\u00f6nbs\u00e9get. Kiss R\u00f3bert a NAK megyei igazgat\u00f3ja [&hellip;]<\/p>\n","protected":false},"author":2,"featured_media":0,"comment_status":"closed","ping_status":"closed","sticky":false,"template":"","format":"standard","meta":[],"categories":[9],"tags":[],"_links":{"self":[{"href":"http:\/\/archiv.szolnoktv.hu\/index.php?rest_route=\/wp\/v2\/posts\/8475"}],"collection":[{"href":"http:\/\/archiv.szolnoktv.hu\/index.php?rest_route=\/wp\/v2\/posts"}],"about":[{"href":"http:\/\/archiv.szolnoktv.hu\/index.php?rest_route=\/wp\/v2\/types\/post"}],"author":[{"embeddable":true,"href":"http:\/\/archiv.szolnoktv.hu\/index.php?rest_route=\/wp\/v2\/users\/2"}],"replies":[{"embeddable":true,"href":"http:\/\/archiv.szolnoktv.hu\/index.php?rest_route=%2Fwp%2Fv2%2Fcomments&post=8475"}],"version-history":[{"count":1,"href":"http:\/\/archiv.szolnoktv.hu\/index.php?rest_route=\/wp\/v2\/posts\/8475\/revisions"}],"predecessor-version":[{"id":8478,"href":"http:\/\/archiv.szolnoktv.hu\/index.php?rest_route=\/wp\/v2\/posts\/8475\/revisions\/8478"}],"wp:attachment":[{"href":"http:\/\/archiv.szolnoktv.hu\/index.php?rest_route=%2Fwp%2Fv2%2Fmedia&parent=8475"}],"wp:term":[{"taxonomy":"category","embeddable":true,"href":"http:\/\/archiv.szolnoktv.hu\/index.php?rest_route=%2Fwp%2Fv2%2Fcategories&post=8475"},{"taxonomy":"post_tag","embeddable":true,"href":"http:\/\/archiv.szolnoktv.hu\/index.php?rest_route=%2Fwp%2Fv2%2Ftags&post=8475"}],"curies":[{"name":"wp","href":"https:\/\/api.w.org\/{rel}","templated":true}]}}