{"id":8474,"date":"2018-03-13T17:44:08","date_gmt":"2018-03-13T17:44:08","guid":{"rendered":"http:\/\/archiv.szolnoktv.hu\/?p=8474"},"modified":"2021-08-13T19:45:39","modified_gmt":"2021-08-13T19:45:39","slug":"a-sajto-munkatarsait-koszontottek","status":"publish","type":"post","link":"http:\/\/archiv.szolnoktv.hu\/?p=8474","title":{"rendered":"A sajt\u00f3 munkat\u00e1rsait k\u00f6sz\u00f6nt\u00f6tt\u00e9k"},"content":{"rendered":"<div class='booster-block booster-read-block'><\/div><p>A Tisza-tavi Alapfok\u00fa M\u0171v\u00e9szeti Iskola kultur\u00e1lis m\u0171sora k\u00f6sz\u00f6nt\u00f6tte a megyei \u00e9s v\u00e1rosi sajt\u00f3 k\u00e9pvisel\u0151it  a Szabad Magyar Sajt\u00f3 Napja alkalm\u00e1b\u00f3l rendezett \u00fcnneps\u00e9gen. K\u00f6sz\u00f6nt\u0151 besz\u00e9d\u00e9ben a megyei k\u00f6zgy\u0171l\u00e9s eln\u00f6ke a f\u00e1k erezet\u00e9hez hasonl\u00edtotta a sajt\u00f3ban dolgoz\u00f3k tev\u00e9kenys\u00e9g\u00e9t. A t\u00f6rzs\u00f6n, az \u00e1gakon, a leveleken kereszt\u00fcl viszi az inform\u00e1ci\u00f3t az \u00faj hajt\u00e1sokhoz. <\/p>\n<p>Kov\u00e1cs S\u00e1ndor eln\u00f6k, JNSZ Megyei K\u00f6zgy\u0171l\u00e9s: <\/p>\n<p>-&#8220;Ha szabad az \u00e1raml\u00e1s, ha szabad a sajt\u00f3, akkor vir\u00e1gzik ez a fa, leveleket, \u00faj hajt\u00e1sokat hoz. Azt l\u00e1tom, hogy  a mai vil\u00e1gban \u00fajb\u00f3l f\u00fcggetlen \u00e9s  szabad az orsz\u00e1g, \u00fajb\u00f3l szabad  a sajt\u00f3. &#8211;<\/p>\n<p> A megye d\u00edj\u00e1t a t\u00f6r\u00f6kszentmikl\u00f3si T1 Telev\u00edzi\u00f3 operat\u0151r rendez\u0151je, Moln\u00e1r Lajos kapta. Lok\u00e1lpatri\u00f3tak\u00e9nt a t\u00e9rs\u00e9g telev\u00edzi\u00f3j\u00e1t \u00e1lmodta meg 10 \u00e9vvel ezel\u0151tt. M\u00e1ra mint k\u00e1beltelev\u00edzi\u00f3s \u00e9s  mint online h\u00edrcsatorna 15 ezer h\u00e1ztart\u00e1sba jut el. <\/p>\n<p>Moln\u00e1r Lajos operat\u0151r-rendez\u0151, T1 Telev\u00edzi\u00f3, T\u00f6r\u00f6kszentmikl\u00f3s<br \/>-&#8221; Nagyon megtisztel\u0151, hogy ezt a  d\u00edjat vehettem \u00e1t \u00e9s bevallom, hogy  amikor a felvezet\u0151 2. mondat\u00e1ban r\u00e1j\u00f6ttem, hogy r\u00f3lam van sz\u00f3 , akkor n\u00e9h\u00e1ny k\u00f6nnycseppet el kellett morzsolnom a szemem sark\u00e1ban Mert ne az\u00e9rt csin\u00e1lja az ember, hogy d\u00edjakat, elismer\u00e9seket kapjon, hanem a szakma szerelm\u00e9\u00e9rt, az\u00e9rt a munk\u00e1\u00e9rt amit csin\u00e1lunk, mert maga az \u00fajs\u00e1g\u00edr\u00e1s egy megtisztel\u0151 feladat, a k\u00f6z\u00f6ss\u00e9get szolg\u00e1lni.  &#8211;<\/p>\n<p>A v\u00e1ros alpolg\u00e1rmestere arr\u00f3l besz\u00e9lt: &#8211; mennyire neh\u00e9z a mai nem mindig nyugodt vil\u00e1gban, az \u00fajra \u00e9s \u00fajra f\u00f6lkorb\u00e1csol\u00f3dott indulatok mellett tisztess\u00e9ggel t\u00e1j\u00e9koztatni. &#8211;<\/p>\n<p> Fej\u00e9r Andor alpolg\u00e1rmester, Szolnok<br \/>-&#8220;Az a higgadts\u00e1g, amivel \u00d6n\u00f6k kezelik ezeket a probl\u00e9m\u00e1kat azt gondolom, hogy tiszteletrem\u00e9lt\u00f3, \u00e9s mindannyian k\u00f6sz\u00f6nettel tartozunk  \u00d6n\u00f6knek ez\u00e9rt a higgadts\u00e1g\u00e9rt, ez\u00e9rt a pontoss\u00e1g\u00e9rt \u00e9s ez\u00e9rt a hiteless\u00e9g\u00e9rt. &#8211;<\/p>\n<p>A v\u00e1ros elismer\u00e9s\u00e9t Szolnok sajt\u00f3j\u00e1nak egyik legsz\u00ednesebb alakja kapta. Ladonczki D\u00e1niel, az Ak\u00edtv r\u00e1di\u00f3 m\u0171sorvezet\u0151je egyedis\u00e9g\u00e9vel, saj\u00e1tos l\u00e1t\u00e1sm\u00f3dj\u00e1val a helyi rendezv\u00e9nyeket is seg\u00edti, \u00e9s t\u00f6bb koroszt\u00e1lyt sz\u00f3l\u00edt meg. <\/p>\n<p> Ladoniczki D\u00e1niel szerkeszt\u0151-m\u0171sorvezet\u0151 Akt\u00edv R\u00e1di\u00f3, Szolnok <\/p>\n<p>-&#8221; Az arcn\u00e9lk\u00fclis\u00e9g ad egy \u00e9rdekes \u00e9rz\u00e9st \u00e9s gyakorlatilag a b\u00e1tors\u00e1got is \u00edgy  megkapod, mert nincsen egyb\u0151l  visszajelz\u00e9s, teh\u00e1t Te csak nap v\u00e9g\u00e9n vagy esetleg csak ad\u00e1s ut\u00e1n tudod meg azt, hogy a v\u00e1rosban m\u00e1szk\u00e1lva j\u00f6nnek esetleg a negat\u00edv felhangok, szerencs\u00e9re \u00e9n csak a pozit\u00edvakat hallom vissza , a negat\u00edvat azt vagy elhallgatj\u00e1k, vagy nincsen, de \u00e9n ebben nem hiszek. &#8211;<\/p>\n<p>Az \u00fcnneps\u00e9g z\u00e1r\u00e1sak\u00e9nt a sajt\u00f3 munkat\u00e1rsait \u00e1ll\u00f3fogad\u00e1ssal v\u00e1rt\u00e1k a Megyeh\u00e1z\u00e1n. <\/p>\n<div style=\"width: 640px;\" class=\"wp-video\"><!--[if lt IE 9]><script>document.createElement('video');<\/script><![endif]-->\n<video class=\"wp-video-shortcode\" id=\"video-8474-1\" width=\"640\" height=\"360\" preload=\"metadata\" controls=\"controls\"><source type=\"video\/mp4\" src=\"\/spots\/hir\/hir_180313_07.mp4?_=1\" \/><a href=\"\/spots\/hir\/hir_180313_07.mp4\">\/spots\/hir\/hir_180313_07.mp4<\/a><\/video><\/div>\n","protected":false},"excerpt":{"rendered":"<p>A Tisza-tavi Alapfok\u00fa M\u0171v\u00e9szeti Iskola kultur\u00e1lis m\u0171sora k\u00f6sz\u00f6nt\u00f6tte a megyei \u00e9s v\u00e1rosi sajt\u00f3 k\u00e9pvisel\u0151it a Szabad Magyar Sajt\u00f3 Napja alkalm\u00e1b\u00f3l rendezett \u00fcnneps\u00e9gen. K\u00f6sz\u00f6nt\u0151 besz\u00e9d\u00e9ben a megyei k\u00f6zgy\u0171l\u00e9s eln\u00f6ke a f\u00e1k erezet\u00e9hez hasonl\u00edtotta a sajt\u00f3ban dolgoz\u00f3k tev\u00e9kenys\u00e9g\u00e9t. A t\u00f6rzs\u00f6n, az \u00e1gakon, a leveleken kereszt\u00fcl viszi az inform\u00e1ci\u00f3t az \u00faj hajt\u00e1sokhoz. Kov\u00e1cs S\u00e1ndor eln\u00f6k, JNSZ Megyei K\u00f6zgy\u0171l\u00e9s: [&hellip;]<\/p>\n","protected":false},"author":2,"featured_media":0,"comment_status":"closed","ping_status":"closed","sticky":false,"template":"","format":"standard","meta":[],"categories":[9],"tags":[],"_links":{"self":[{"href":"http:\/\/archiv.szolnoktv.hu\/index.php?rest_route=\/wp\/v2\/posts\/8474"}],"collection":[{"href":"http:\/\/archiv.szolnoktv.hu\/index.php?rest_route=\/wp\/v2\/posts"}],"about":[{"href":"http:\/\/archiv.szolnoktv.hu\/index.php?rest_route=\/wp\/v2\/types\/post"}],"author":[{"embeddable":true,"href":"http:\/\/archiv.szolnoktv.hu\/index.php?rest_route=\/wp\/v2\/users\/2"}],"replies":[{"embeddable":true,"href":"http:\/\/archiv.szolnoktv.hu\/index.php?rest_route=%2Fwp%2Fv2%2Fcomments&post=8474"}],"version-history":[{"count":1,"href":"http:\/\/archiv.szolnoktv.hu\/index.php?rest_route=\/wp\/v2\/posts\/8474\/revisions"}],"predecessor-version":[{"id":8479,"href":"http:\/\/archiv.szolnoktv.hu\/index.php?rest_route=\/wp\/v2\/posts\/8474\/revisions\/8479"}],"wp:attachment":[{"href":"http:\/\/archiv.szolnoktv.hu\/index.php?rest_route=%2Fwp%2Fv2%2Fmedia&parent=8474"}],"wp:term":[{"taxonomy":"category","embeddable":true,"href":"http:\/\/archiv.szolnoktv.hu\/index.php?rest_route=%2Fwp%2Fv2%2Fcategories&post=8474"},{"taxonomy":"post_tag","embeddable":true,"href":"http:\/\/archiv.szolnoktv.hu\/index.php?rest_route=%2Fwp%2Fv2%2Ftags&post=8474"}],"curies":[{"name":"wp","href":"https:\/\/api.w.org\/{rel}","templated":true}]}}