{"id":8472,"date":"2018-03-13T16:26:01","date_gmt":"2018-03-13T16:26:01","guid":{"rendered":"http:\/\/archiv.szolnoktv.hu\/?p=8472"},"modified":"2021-08-13T19:45:39","modified_gmt":"2021-08-13T19:45:39","slug":"mar-elindultak-ciprusra","status":"publish","type":"post","link":"http:\/\/archiv.szolnoktv.hu\/?p=8472","title":{"rendered":"M\u00e1r elindultak Ciprusra"},"content":{"rendered":"<div class='booster-block booster-read-block'><\/div><p>-Jelentem az UNFICYP misszi\u00f3 43. v\u00e1lt\u00e1s\u00e1nak \u00e1llom\u00e1nya az \u00fcnnep\u00e9lyes kibocs\u00e1t\u00f3ra felsorakozott.&#8221;<\/p>\n<p>Knauer Atiila a ciprusra indul\u00f3 43. Misszi\u00f3 kontingens-parancsnoka jelent Kiss R\u00f3bert ezredesnek, az \u00fcnnep\u00e9lyes kibocs\u00e1t\u00e1son. Az \u0151rnagy t\u00e1rsaival m\u00e1r a mai napon elindul Ciprusra, hogy lev\u00e1ltsa az ott szolg\u00e1latot teljes\u00edt\u0151 magyar katon\u00e1kat \u00e9s r\u00e9szt vegyen az ENSZ b\u00e9kefenntart\u00f3 misszi\u00f3j\u00e1ban.<\/p>\n<p>-Katon\u00e1ink t\u00f6bb mint 1,5 \u00e9vtizede rendszeresen vesznek r\u00e9szt k\u00fcl\u00f6nb\u00f6z\u0151 f\u00f6ldr\u00e9szek, k\u00fcl\u00f6nb\u00f6z\u0151 r\u00e9gi\u00f3k v\u00e1ls\u00e1gainak kezel\u00e9s\u00e9ben. N\u00e9gy f\u00f6ldr\u00e9sz, 14 orsz\u00e1g\u00e1ban k\u00f6zel 1000 f\u0151vel teljes\u00edt\u00fcnk szolg\u00e1latot.&#8221;  &#8211; mondta Kiss R\u00f3bert ezredes, az MH 86. Szolnok Helikopter B\u00e1zis t\u00f6rzsf\u0151n\u00f6ke<\/p>\n<p>A magyar katon\u00e1k Ciprus mellett a Balk\u00e1non, Afganiszt\u00e1nban, illetve Afrik\u00e1ban is jelen vannak. A ciprusi k\u00fcldet\u00e9s az egyik legr\u00e9gebbi, amelyben Magyarorsz\u00e1g r\u00e9szt vesznek r\u00e9szt. A f\u00f6ldk\u00f6zi tengeri szigeten a t\u00f6bbi k\u00f6z\u00f6tt szerb, ukr\u00e1n \u00e9s szlov\u00e1k katon\u00e1kkal k\u00f6z\u00f6sen teljes\u00edtenek szolg\u00e1latot. <\/p>\n<p>-Mindeddig el\u00e9gedetten tapasztalhattuk, hogy a misszi\u00f3 kezdet\u00e9t\u0151l, 1993-as \u00e9vt\u0151l kiv\u00e1l\u00f3 kapcsolatunk a nemzetk\u00f6zi viszonyok k\u00f6z\u00f6tt is p\u00e9ldamutat\u00f3 \u00e9 eredm\u00e9nyes egy\u00fcttm\u0171k\u00f6d\u00e9st val\u00f3s\u00edt meg Cipruson.&#8221;  &#8211;   tette hozz\u00e1 Kiss R\u00f3bert ezredes<\/p>\n<p>A 21 magyar katona els\u0151sorban l\u00f6v\u00e9sz-, megfigyel\u0151-, \u00f6sszek\u00f6t\u0151-, \u00e9s logisztikai feladatokat l\u00e1tnak majd el 2019. m\u00e1rcius 18-ig.<\/p>\n<div style=\"width: 640px;\" class=\"wp-video\"><!--[if lt IE 9]><script>document.createElement('video');<\/script><![endif]-->\n<video class=\"wp-video-shortcode\" id=\"video-8472-1\" width=\"640\" height=\"360\" preload=\"metadata\" controls=\"controls\"><source type=\"video\/mp4\" src=\"\/spots\/hir\/hir_180313_05.mp4?_=1\" \/><a href=\"\/spots\/hir\/hir_180313_05.mp4\">\/spots\/hir\/hir_180313_05.mp4<\/a><\/video><\/div>\n","protected":false},"excerpt":{"rendered":"<p>-Jelentem az UNFICYP misszi\u00f3 43. v\u00e1lt\u00e1s\u00e1nak \u00e1llom\u00e1nya az \u00fcnnep\u00e9lyes kibocs\u00e1t\u00f3ra felsorakozott.&#8221; Knauer Atiila a ciprusra indul\u00f3 43. Misszi\u00f3 kontingens-parancsnoka jelent Kiss R\u00f3bert ezredesnek, az \u00fcnnep\u00e9lyes kibocs\u00e1t\u00e1son. Az \u0151rnagy t\u00e1rsaival m\u00e1r a mai napon elindul Ciprusra, hogy lev\u00e1ltsa az ott szolg\u00e1latot teljes\u00edt\u0151 magyar katon\u00e1kat \u00e9s r\u00e9szt vegyen az ENSZ b\u00e9kefenntart\u00f3 misszi\u00f3j\u00e1ban. -Katon\u00e1ink t\u00f6bb mint 1,5 \u00e9vtizede [&hellip;]<\/p>\n","protected":false},"author":2,"featured_media":0,"comment_status":"closed","ping_status":"closed","sticky":false,"template":"","format":"standard","meta":[],"categories":[9],"tags":[],"_links":{"self":[{"href":"http:\/\/archiv.szolnoktv.hu\/index.php?rest_route=\/wp\/v2\/posts\/8472"}],"collection":[{"href":"http:\/\/archiv.szolnoktv.hu\/index.php?rest_route=\/wp\/v2\/posts"}],"about":[{"href":"http:\/\/archiv.szolnoktv.hu\/index.php?rest_route=\/wp\/v2\/types\/post"}],"author":[{"embeddable":true,"href":"http:\/\/archiv.szolnoktv.hu\/index.php?rest_route=\/wp\/v2\/users\/2"}],"replies":[{"embeddable":true,"href":"http:\/\/archiv.szolnoktv.hu\/index.php?rest_route=%2Fwp%2Fv2%2Fcomments&post=8472"}],"version-history":[{"count":1,"href":"http:\/\/archiv.szolnoktv.hu\/index.php?rest_route=\/wp\/v2\/posts\/8472\/revisions"}],"predecessor-version":[{"id":8481,"href":"http:\/\/archiv.szolnoktv.hu\/index.php?rest_route=\/wp\/v2\/posts\/8472\/revisions\/8481"}],"wp:attachment":[{"href":"http:\/\/archiv.szolnoktv.hu\/index.php?rest_route=%2Fwp%2Fv2%2Fmedia&parent=8472"}],"wp:term":[{"taxonomy":"category","embeddable":true,"href":"http:\/\/archiv.szolnoktv.hu\/index.php?rest_route=%2Fwp%2Fv2%2Fcategories&post=8472"},{"taxonomy":"post_tag","embeddable":true,"href":"http:\/\/archiv.szolnoktv.hu\/index.php?rest_route=%2Fwp%2Fv2%2Ftags&post=8472"}],"curies":[{"name":"wp","href":"https:\/\/api.w.org\/{rel}","templated":true}]}}