{"id":8471,"date":"2018-03-13T16:11:08","date_gmt":"2018-03-13T16:11:08","guid":{"rendered":"http:\/\/archiv.szolnoktv.hu\/?p=8471"},"modified":"2021-08-13T19:45:40","modified_gmt":"2021-08-13T19:45:40","slug":"koszoruzas-a-szechenyin","status":"publish","type":"post","link":"http:\/\/archiv.szolnoktv.hu\/?p=8471","title":{"rendered":"Koszor\u00faz\u00e1s a Sz\u00e9chenyin"},"content":{"rendered":"<div class='booster-block booster-read-block'><\/div><p>A Sz\u00e9chenyi Istv\u00e1n Gimn\u00e1zium tanul\u00f3inak m\u0171sora nyitotta a megeml\u00e9kez\u00e9st. Az \u00fcnnepre \u00edrt el\u0151ad\u00e1s ut\u00e1n Tasn\u00e1di Zolt\u00e1n k\u00f6sz\u00f6nt\u00f6tte a megeml\u00e9kez\u0151ket.<\/p>\n<p>-Amikor 1848-ban Eur\u00f3pa feud\u00e1lis nagyhatalmain v\u00e9gigs\u00f6p\u00f6rt a forradalmi hull\u00e1m, mindenhol n\u00e9h\u00e1ny h\u00f3nap vagy \u00e9ppen n\u00e9h\u00e1ny nap el\u00e9g volt a hatalmukat f\u00e9lt\u0151 uralkod\u00f3knak, hogy g\u00e1tat szabjanak az \u00faj gondolatoknak, meg\u00e1ll\u00edts\u00e1k a nemzeti \u00f6ntudat \u00e9bredez\u0151 eszm\u00e9j\u00e9t \u00e9s ism\u00e9t vil\u00e1gos hatalmi alapon szervez\u0151d\u0151 rendet teremtsenek.&#8221; &#8211; mondta a k\u00e9pvisel\u0151.<\/p>\n<p>Magyars\u00e1gunkat nem v\u00e1lasztottuk, ide sz\u00fclett\u00fcnk. Magyars\u00e1gunk pedig k\u00f6telez, hogy hogyan cselekedj\u00fcnk \u00e9s gondolkodjunk ebben a helyzetben  &#8211;   mondta \u00fcnnepi k\u00f6sz\u00f6nt\u0151j\u00e9ben Tasn\u00e1di Zolt\u00e1n. Nek\u00fcnk szolnokiaknak k\u00fcl\u00f6n\u00f6sen sok a k\u00f6t\u0151d\u00e9s\u00fcnk a szabads\u00e1gharc id\u0151szak\u00e1hoz  &#8211;   tette hozz\u00e1 az \u00f6nkorm\u00e1nyzati k\u00e9pvisel\u0151. Az akkor alig 14.000 f\u0151s Szolnokr\u00f3l 1000 f\u00e9rfi vonult Kossuth Lajos l\u00e1nglelk\u0171 sz\u00f3noklata hat\u00e1s\u00e1ra a haz\u00e1t v\u00e9deni. A kopjaf\u00e1n\u00e1l az \u00f6nkorm\u00e1nyzat, di\u00e1kok, \u00f3vod\u00e1sok \u00e9s t\u00f6bb helyi szervezet szervezet valamint a v\u00e1rosr\u00e9sz lak\u00f3i helyezt\u00e9k el az eml\u00e9kez\u00e9s koszor\u00fait, vir\u00e1gait.<\/p>\n<div style=\"width: 640px;\" class=\"wp-video\"><!--[if lt IE 9]><script>document.createElement('video');<\/script><![endif]-->\n<video class=\"wp-video-shortcode\" id=\"video-8471-1\" width=\"640\" height=\"360\" preload=\"metadata\" controls=\"controls\"><source type=\"video\/mp4\" src=\"\/spots\/hir\/hir_180313_04.mp4?_=1\" \/><a href=\"\/spots\/hir\/hir_180313_04.mp4\">\/spots\/hir\/hir_180313_04.mp4<\/a><\/video><\/div>\n","protected":false},"excerpt":{"rendered":"<p>A Sz\u00e9chenyi Istv\u00e1n Gimn\u00e1zium tanul\u00f3inak m\u0171sora nyitotta a megeml\u00e9kez\u00e9st. Az \u00fcnnepre \u00edrt el\u0151ad\u00e1s ut\u00e1n Tasn\u00e1di Zolt\u00e1n k\u00f6sz\u00f6nt\u00f6tte a megeml\u00e9kez\u0151ket. -Amikor 1848-ban Eur\u00f3pa feud\u00e1lis nagyhatalmain v\u00e9gigs\u00f6p\u00f6rt a forradalmi hull\u00e1m, mindenhol n\u00e9h\u00e1ny h\u00f3nap vagy \u00e9ppen n\u00e9h\u00e1ny nap el\u00e9g volt a hatalmukat f\u00e9lt\u0151 uralkod\u00f3knak, hogy g\u00e1tat szabjanak az \u00faj gondolatoknak, meg\u00e1ll\u00edts\u00e1k a nemzeti \u00f6ntudat \u00e9bredez\u0151 eszm\u00e9j\u00e9t \u00e9s ism\u00e9t [&hellip;]<\/p>\n","protected":false},"author":2,"featured_media":0,"comment_status":"closed","ping_status":"closed","sticky":false,"template":"","format":"standard","meta":[],"categories":[9],"tags":[],"_links":{"self":[{"href":"http:\/\/archiv.szolnoktv.hu\/index.php?rest_route=\/wp\/v2\/posts\/8471"}],"collection":[{"href":"http:\/\/archiv.szolnoktv.hu\/index.php?rest_route=\/wp\/v2\/posts"}],"about":[{"href":"http:\/\/archiv.szolnoktv.hu\/index.php?rest_route=\/wp\/v2\/types\/post"}],"author":[{"embeddable":true,"href":"http:\/\/archiv.szolnoktv.hu\/index.php?rest_route=\/wp\/v2\/users\/2"}],"replies":[{"embeddable":true,"href":"http:\/\/archiv.szolnoktv.hu\/index.php?rest_route=%2Fwp%2Fv2%2Fcomments&post=8471"}],"version-history":[{"count":1,"href":"http:\/\/archiv.szolnoktv.hu\/index.php?rest_route=\/wp\/v2\/posts\/8471\/revisions"}],"predecessor-version":[{"id":8482,"href":"http:\/\/archiv.szolnoktv.hu\/index.php?rest_route=\/wp\/v2\/posts\/8471\/revisions\/8482"}],"wp:attachment":[{"href":"http:\/\/archiv.szolnoktv.hu\/index.php?rest_route=%2Fwp%2Fv2%2Fmedia&parent=8471"}],"wp:term":[{"taxonomy":"category","embeddable":true,"href":"http:\/\/archiv.szolnoktv.hu\/index.php?rest_route=%2Fwp%2Fv2%2Fcategories&post=8471"},{"taxonomy":"post_tag","embeddable":true,"href":"http:\/\/archiv.szolnoktv.hu\/index.php?rest_route=%2Fwp%2Fv2%2Ftags&post=8471"}],"curies":[{"name":"wp","href":"https:\/\/api.w.org\/{rel}","templated":true}]}}