{"id":8470,"date":"2018-03-13T13:24:53","date_gmt":"2018-03-13T13:24:53","guid":{"rendered":"http:\/\/archiv.szolnoktv.hu\/?p=8470"},"modified":"2021-08-13T19:45:40","modified_gmt":"2021-08-13T19:45:40","slug":"koszoruzassal-kezdodik-a-marcius-15-i-programsorozat","status":"publish","type":"post","link":"http:\/\/archiv.szolnoktv.hu\/?p=8470","title":{"rendered":"Koszor\u00faz\u00e1ssal kezd\u0151dik a m\u00e1rcius 15-i programsorozat"},"content":{"rendered":"<div class='booster-block booster-read-block'><\/div><p>A Kossuth- szobor koszor\u00faz\u00e1sa nyitja meg szerda d\u00e9lut\u00e1n a m\u00e1rcius 15-i \u00fcnnepi programokat. A V\u00e1rosh\u00e1z\u00e1n a szabads\u00e1gharc szellemi vez\u00e9re, Kossuth Lajos el\u0151tt tiszteleghetnek a megeml\u00e9kez\u0151k. A koszor\u00faz\u00e1s a Damjanich J\u00e1nos M\u00fazeumban folytat\u00f3dik. A programsorozat m\u00e1rcius 15-\u00e9n reggel a Pet\u0151fi-eml\u00e9kt\u00e1bl\u00e1n\u00e1l kezd\u0151dik. A r\u00e9sztvev\u0151k koszor\u00faikat ezut\u00e1n a V\u00e1ros- \u00e9s a Technika h\u00e1z\u00e1n\u00e1l helyezhetik el. Az \u00fcnnepi m\u0171sor els\u0151 fele a Kossut t\u00e9ren v\u00e1rja az \u00e9rdekl\u0151d\u0151ket.<\/p>\n<p>-10 \u00f3r\u00e1t\u00f3l kezd\u0151dnek majd a Kossut t\u00e9ren a sz\u00ednpadi programok. R\u00f6gt\u00f6n 10 \u00f3r\u00e1t\u00f3l a Magyar Szablyav\u00edv\u00f3 Iskola fog bemutatkozni, ezut\u00e1n a Sz\u00e9chenyi Istv\u00e1n Gimn\u00e1zium \u00fcnnepi m\u0171sor\u00e1t l\u00e1thatj\u00e1k majd a vend\u00e9gek. \u00c1tadjuk majd -Szolnok V\u00e1ros Ifj\u00fas\u00e1gi d\u00edjait&#8221;, amit a hagyom\u00e1nyos lovasbemutat\u00f3 fog k\u00f6vetni.&#8221;- mondta Fejes Nikolett az Aba-Nov\u00e1k Ag\u00f3ra Kultur\u00e1lis K\u00f6zpont kultur\u00e1lis szervez\u0151je. <\/p>\n<p>A k\u00f6z\u00f6ns\u00e9get t\u00f6rt\u00e9nelmi felvonul\u00e1s k\u00eds\u00e9ri a Damjanich-szoborhoz, ahol a megeml\u00e9kez\u00e9s 11:00-kor folytat\u00f3dik. <\/p>\n<p>-\u00dcnnepi besz\u00e9det mond Dr. K\u00e1llai M\u00e1ria korm\u00e1nymegb\u00edzott \u00e9s egyh\u00e1zi \u00e1ld\u00e1st mond M\u00e1th\u00e9 Gy\u00f6rgy r\u00f3mai katolikus esperes, pl\u00e9b\u00e1nos, illetve k\u00f6zrem\u0171k\u00f6dik Bal\u00e1zs P\u00e9ter Kossut \u00e9s J\u00e1szai Mari-d\u00edjas sz\u00ednm\u0171v\u00e9sz is.&#8221;- tette hozz\u00e1 Fejes Nikolett.<\/p>\n<p>A Tiszapart Moziban a -80 husz\u00e1r&#8221; c\u00edm\u0171 film vet\u00edt\u00e9ssel v\u00e1rj\u00e1k az \u00e9rdekl\u0151d\u0151ket. A rendezv\u00e9ny 18:00-kor hagyom\u00e1nyos gyertyagy\u00fajt\u00e1ssal z\u00e1rul. A szolnokiak a Damjanich-szoborn\u00e1l a 170 \u00e9vvel ezel\u0151tt elesett forradalmi h\u0151s\u00f6k eml\u00e9k\u00e9re gy\u00fajthatnak gyerty\u00e1t.<\/p>\n<div style=\"width: 640px;\" class=\"wp-video\"><!--[if lt IE 9]><script>document.createElement('video');<\/script><![endif]-->\n<video class=\"wp-video-shortcode\" id=\"video-8470-1\" width=\"640\" height=\"360\" preload=\"metadata\" controls=\"controls\"><source type=\"video\/mp4\" src=\"\/spots\/hir\/hir_180313_03.mp4?_=1\" \/><a href=\"\/spots\/hir\/hir_180313_03.mp4\">\/spots\/hir\/hir_180313_03.mp4<\/a><\/video><\/div>\n","protected":false},"excerpt":{"rendered":"<p>A Kossuth- szobor koszor\u00faz\u00e1sa nyitja meg szerda d\u00e9lut\u00e1n a m\u00e1rcius 15-i \u00fcnnepi programokat. A V\u00e1rosh\u00e1z\u00e1n a szabads\u00e1gharc szellemi vez\u00e9re, Kossuth Lajos el\u0151tt tiszteleghetnek a megeml\u00e9kez\u0151k. A koszor\u00faz\u00e1s a Damjanich J\u00e1nos M\u00fazeumban folytat\u00f3dik. A programsorozat m\u00e1rcius 15-\u00e9n reggel a Pet\u0151fi-eml\u00e9kt\u00e1bl\u00e1n\u00e1l kezd\u0151dik. A r\u00e9sztvev\u0151k koszor\u00faikat ezut\u00e1n a V\u00e1ros- \u00e9s a Technika h\u00e1z\u00e1n\u00e1l helyezhetik el. Az \u00fcnnepi m\u0171sor [&hellip;]<\/p>\n","protected":false},"author":2,"featured_media":0,"comment_status":"closed","ping_status":"closed","sticky":false,"template":"","format":"standard","meta":[],"categories":[9],"tags":[],"_links":{"self":[{"href":"http:\/\/archiv.szolnoktv.hu\/index.php?rest_route=\/wp\/v2\/posts\/8470"}],"collection":[{"href":"http:\/\/archiv.szolnoktv.hu\/index.php?rest_route=\/wp\/v2\/posts"}],"about":[{"href":"http:\/\/archiv.szolnoktv.hu\/index.php?rest_route=\/wp\/v2\/types\/post"}],"author":[{"embeddable":true,"href":"http:\/\/archiv.szolnoktv.hu\/index.php?rest_route=\/wp\/v2\/users\/2"}],"replies":[{"embeddable":true,"href":"http:\/\/archiv.szolnoktv.hu\/index.php?rest_route=%2Fwp%2Fv2%2Fcomments&post=8470"}],"version-history":[{"count":1,"href":"http:\/\/archiv.szolnoktv.hu\/index.php?rest_route=\/wp\/v2\/posts\/8470\/revisions"}],"predecessor-version":[{"id":8483,"href":"http:\/\/archiv.szolnoktv.hu\/index.php?rest_route=\/wp\/v2\/posts\/8470\/revisions\/8483"}],"wp:attachment":[{"href":"http:\/\/archiv.szolnoktv.hu\/index.php?rest_route=%2Fwp%2Fv2%2Fmedia&parent=8470"}],"wp:term":[{"taxonomy":"category","embeddable":true,"href":"http:\/\/archiv.szolnoktv.hu\/index.php?rest_route=%2Fwp%2Fv2%2Fcategories&post=8470"},{"taxonomy":"post_tag","embeddable":true,"href":"http:\/\/archiv.szolnoktv.hu\/index.php?rest_route=%2Fwp%2Fv2%2Ftags&post=8470"}],"curies":[{"name":"wp","href":"https:\/\/api.w.org\/{rel}","templated":true}]}}