{"id":8469,"date":"2018-03-13T12:42:46","date_gmt":"2018-03-13T12:42:46","guid":{"rendered":"http:\/\/archiv.szolnoktv.hu\/?p=8469"},"modified":"2021-08-13T19:45:40","modified_gmt":"2021-08-13T19:45:40","slug":"atadtak-a-rendorsegi-sajtodijat","status":"publish","type":"post","link":"http:\/\/archiv.szolnoktv.hu\/?p=8469","title":{"rendered":"\u00c1tadt\u00e1k a rend\u0151rs\u00e9gi sajt\u00f3d\u00edjat"},"content":{"rendered":"<div class='booster-block booster-read-block'><\/div><p>A napi h\u00edrfolyam- legyen az interneten, r\u00e1di\u00f3ban, \u00fajs\u00e1gban, vagy telev\u00edzi\u00f3ban- meghat\u00e1roz\u00f3 eleme a rend\u0151rs\u00e9gi h\u00edrad\u00e1s. Ez az a ter\u00fclet, ahol a h\u00edr forr\u00e1sa \u00e9s annak k\u00f6zread\u00f3ja k\u00f6z\u00f6tt a pontoss\u00e1g kedv\u00e9\u00e9rt szoros, esetenk\u00e9nt bizalmi kapcsolat m\u0171k\u00f6dik.<\/p>\n<p>&#8220;Azt gondoljuk, hogy az a szolg\u00e1ltat\u00e1s amit mi ny\u00fajtunk \u00e9s biztons\u00e1gnak nevez\u00fcnk \u00e9s az \u00e1llampolg\u00e1rokat pr\u00f3b\u00e1ljuk minden nap olyan helyzetbe hozni, hogy ne t\u00f6rt\u00e9njen a s\u00e9relm\u00fckre jogs\u00e9rt\u0151 cselekm\u00e9ny.. ha meg t\u00f6rt\u00e9nt, akkor ezt pr\u00f3b\u00e1ljuk valamilyen szinten repar\u00e1lni, ezt a szolg\u00e1ltat\u00e1st meg kell tudnunk mutatni az embereknek \u00e9s erre a legjobb fel\u00fclet a m\u00e9dia.&#8221;- hangs\u00falyozta Dr. Urb\u00e1n Zolt\u00e1n L\u00e1szl\u00f3 megyei rend\u0151rf\u0151kapit\u00e1ny.<\/p>\n<p>A megyei rend\u0151rf\u0151kapit\u00e1nys\u00e1gnak tavaly 1868 darab elektronikus megjelen\u00e9se volt. A helyi sajt\u00f3 munkat\u00e1rsai k\u00f6z\u00fcl ez\u00fattal az Akt\u00edv R\u00e1di\u00f3 h\u00edrszerkeszt\u0151je \u00e9rdemelte ki a rend\u0151rs\u00e9g elismer\u00e9s\u00e9t. Kis Henriett 2009 m\u00e1jusa \u00f3ta dolgozik az AKT\u00cdV R\u00e1di\u00f3n\u00e1l.<\/p>\n<p> &#8220;Nagyon szeretem amit csin\u00e1lok, azt gondolom, hogy m\u00e1r most az\u00e9rt az \u00e9vek folyam\u00e1n lassacsk\u00e1n t\u00e9nyleg kialakul az a fajta habitus, az a fajta id\u00e9z\u0151jelben hozz\u00e1\u00e9rt\u00e9s ami elv\u00e1rhat\u00f3 lehet egy ilyen fajta st\u00e1tuszban. A hiteless\u00e9g, a pontoss\u00e1g az a legf\u0151bb mozgat\u00f3 ereje ennek az eg\u00e9sznek \u00e9s mivel, hogy r\u00e1di\u00f3k vagyunk mondhatni, hogy a leggyorsabb m\u00e9dia egyike, teh\u00e1t mindig ki kell haszn\u00e1lni ezt a fajta lehet\u0151s\u00e9get is \u00e9n \u00fagy gondolom.&#8221;<\/p>\n<p>Az idei sajt\u00f3d\u00edj birtokosa, nem sejtette, hogy ma \u0151 lesz a f\u0151szerepl\u0151, ez\u00e9rt most is- mint mindig, diktofonj\u00e1val \u00e9rkezett. S ha m\u00e1r a kapit\u00e1nys\u00e1gon j\u00e1rt term\u00e9szetesen anyagot is k\u00e9sz\u00edtett-  hivat\u00e1s\u00e1t teh\u00e1t m\u00e9g az \u00fcnnepi pillanatok kedv\u00e9\u00e9rt sem adta fel. Mint mondta- az els\u0151 mindig a hallgat\u00f3.<\/p>\n<div style=\"width: 640px;\" class=\"wp-video\"><!--[if lt IE 9]><script>document.createElement('video');<\/script><![endif]-->\n<video class=\"wp-video-shortcode\" id=\"video-8469-1\" width=\"640\" height=\"360\" preload=\"metadata\" controls=\"controls\"><source type=\"video\/mp4\" src=\"\/spots\/hir\/hir_180313_02.mp4?_=1\" \/><a href=\"\/spots\/hir\/hir_180313_02.mp4\">\/spots\/hir\/hir_180313_02.mp4<\/a><\/video><\/div>\n","protected":false},"excerpt":{"rendered":"<p>A napi h\u00edrfolyam- legyen az interneten, r\u00e1di\u00f3ban, \u00fajs\u00e1gban, vagy telev\u00edzi\u00f3ban- meghat\u00e1roz\u00f3 eleme a rend\u0151rs\u00e9gi h\u00edrad\u00e1s. Ez az a ter\u00fclet, ahol a h\u00edr forr\u00e1sa \u00e9s annak k\u00f6zread\u00f3ja k\u00f6z\u00f6tt a pontoss\u00e1g kedv\u00e9\u00e9rt szoros, esetenk\u00e9nt bizalmi kapcsolat m\u0171k\u00f6dik. &#8220;Azt gondoljuk, hogy az a szolg\u00e1ltat\u00e1s amit mi ny\u00fajtunk \u00e9s biztons\u00e1gnak nevez\u00fcnk \u00e9s az \u00e1llampolg\u00e1rokat pr\u00f3b\u00e1ljuk minden nap olyan helyzetbe [&hellip;]<\/p>\n","protected":false},"author":2,"featured_media":0,"comment_status":"closed","ping_status":"closed","sticky":false,"template":"","format":"standard","meta":[],"categories":[9],"tags":[],"_links":{"self":[{"href":"http:\/\/archiv.szolnoktv.hu\/index.php?rest_route=\/wp\/v2\/posts\/8469"}],"collection":[{"href":"http:\/\/archiv.szolnoktv.hu\/index.php?rest_route=\/wp\/v2\/posts"}],"about":[{"href":"http:\/\/archiv.szolnoktv.hu\/index.php?rest_route=\/wp\/v2\/types\/post"}],"author":[{"embeddable":true,"href":"http:\/\/archiv.szolnoktv.hu\/index.php?rest_route=\/wp\/v2\/users\/2"}],"replies":[{"embeddable":true,"href":"http:\/\/archiv.szolnoktv.hu\/index.php?rest_route=%2Fwp%2Fv2%2Fcomments&post=8469"}],"version-history":[{"count":1,"href":"http:\/\/archiv.szolnoktv.hu\/index.php?rest_route=\/wp\/v2\/posts\/8469\/revisions"}],"predecessor-version":[{"id":8484,"href":"http:\/\/archiv.szolnoktv.hu\/index.php?rest_route=\/wp\/v2\/posts\/8469\/revisions\/8484"}],"wp:attachment":[{"href":"http:\/\/archiv.szolnoktv.hu\/index.php?rest_route=%2Fwp%2Fv2%2Fmedia&parent=8469"}],"wp:term":[{"taxonomy":"category","embeddable":true,"href":"http:\/\/archiv.szolnoktv.hu\/index.php?rest_route=%2Fwp%2Fv2%2Fcategories&post=8469"},{"taxonomy":"post_tag","embeddable":true,"href":"http:\/\/archiv.szolnoktv.hu\/index.php?rest_route=%2Fwp%2Fv2%2Ftags&post=8469"}],"curies":[{"name":"wp","href":"https:\/\/api.w.org\/{rel}","templated":true}]}}