{"id":8468,"date":"2018-03-13T12:31:01","date_gmt":"2018-03-13T12:31:01","guid":{"rendered":"http:\/\/archiv.szolnoktv.hu\/?p=8468"},"modified":"2021-08-13T19:45:40","modified_gmt":"2021-08-13T19:45:40","slug":"projektnyito-a-szolnoki-szolgaltatasi-szakkepzesi-centrumban","status":"publish","type":"post","link":"http:\/\/archiv.szolnoktv.hu\/?p=8468","title":{"rendered":"Projektnyit\u00f3 a Szolnoki Szolg\u00e1ltat\u00e1si Szakk\u00e9pz\u00e9si Centrumban"},"content":{"rendered":"<div class='booster-block booster-read-block'><\/div><p>A szakk\u00e9pz\u00e9si centrum Damjanich J\u00e1nos-, Kereskedelmi \u00e9s Vend\u00e9gl\u00e1t\u00f3 Ipari-, Ruhaipari, S\u00edpos Orb\u00e1n \u00e9s a V\u00e1s\u00e1rhelyi P\u00e1l tagint\u00e9zm\u00e9nyeiben \u00e9vente n\u0151 a szakm\u00e1t tanul\u00f3 fiatalok sz\u00e1ma. Az int\u00e9zm\u00e9nyekbe jelentkez\u0151k, illetve tanul\u00f3k tud\u00e1sukat a j\u00f6v\u0151ben a szakir\u00e1ny\u00fa fejleszt\u00e9si \u00e9s felz\u00e1rk\u00f3ztat\u00e1si projekten kereszt\u00fcl m\u00e9ly\u00edthetik el.<\/p>\n<p>-A projekt sikeress\u00e9g\u00e9nek \u00e9rdek\u00e9ben m\u00f3dszertani meg\u00fajul\u00e1son t\u00fal pedag\u00f3gus tov\u00e1bbk\u00e9pz\u00e9seket tervez\u00fcnk, illetve a kompetencia alap\u00fa oktat\u00e1st \u00f6szt\u00f6n\u00f6zz\u00fck. A tov\u00e1bbk\u00e9pz\u00e9seken a szem\u00e9lyi hum\u00e1n er\u0151forr\u00e1s vesz r\u00e9szt, de a t\u00e1rgyi felt\u00e9telek sem maradhatnak k\u00edv\u00fcl. Nagyon sok olyan eszk\u00f6zt v\u00e1s\u00e1rolunk a projekt kapcs\u00e1n, ami az oktat\u00e1st eg\u00e9sz\u00edtik ki.&#8221;- mondta Kalm\u00e1r Andrea a Szolnoki Szolg\u00e1ltat\u00e1si Szakk\u00e9pz\u00e9si Centrum f\u0151igazgat\u00f3ja. <\/p>\n<p>Az oktat\u00e1s- nevel\u00e9s min\u0151s\u00e9gi \u00e9s struktur\u00e1lis meg\u00faj\u00edt\u00e1sa mellett a projekt kiemelten foglalkozik a korai iskolaelhagy\u00e1s visszaszor\u00edt\u00e1s\u00e1val. <\/p>\n<p>-Az oktat\u00e1si rendszer elhagy\u00e1sa \u00f6nmag\u00e1ban egy statisztikai sz\u00e1m- sok vagy kev\u00e9s- de enn\u00e9l sokkal nagyobb gondr\u00f3l van sz\u00f3, ugyanis ez lemarad\u00e1st jelent a j\u00f3 munkahely es\u00e9ly\u00e9r\u0151l, lemarad\u00e1st az otthon teremt\u00e9s- \u00e9s csal\u00e1dalap\u00edt\u00e1s es\u00e9ly\u00e9r\u0151l, frusztr\u00e1ci\u00f3t, kisebbs\u00e9g \u00e9rzetet \u00e9s egy \u00e9letre sz\u00f3l\u00f3 lemarad\u00e1s \u00e9rzetet okozhat.&#8221;- mondta Dr. Cso\u00f3r Gy\u00f6rgy a JNSZ Megyei K\u00f6zgy\u0171l\u00e9s aleln\u00f6ke.<\/p>\n<p>A program c\u00e9lja a tanul\u00f3k elhelyezked\u00e9s\u00e9nek biztos\u00edt\u00e1sa a munkaer\u0151piacon. <\/p>\n<div style=\"width: 640px;\" class=\"wp-video\"><!--[if lt IE 9]><script>document.createElement('video');<\/script><![endif]-->\n<video class=\"wp-video-shortcode\" id=\"video-8468-1\" width=\"640\" height=\"360\" preload=\"metadata\" controls=\"controls\"><source type=\"video\/mp4\" src=\"\/spots\/hir\/hir_180313_01.mp4?_=1\" \/><a href=\"\/spots\/hir\/hir_180313_01.mp4\">\/spots\/hir\/hir_180313_01.mp4<\/a><\/video><\/div>\n","protected":false},"excerpt":{"rendered":"<p>A szakk\u00e9pz\u00e9si centrum Damjanich J\u00e1nos-, Kereskedelmi \u00e9s Vend\u00e9gl\u00e1t\u00f3 Ipari-, Ruhaipari, S\u00edpos Orb\u00e1n \u00e9s a V\u00e1s\u00e1rhelyi P\u00e1l tagint\u00e9zm\u00e9nyeiben \u00e9vente n\u0151 a szakm\u00e1t tanul\u00f3 fiatalok sz\u00e1ma. Az int\u00e9zm\u00e9nyekbe jelentkez\u0151k, illetve tanul\u00f3k tud\u00e1sukat a j\u00f6v\u0151ben a szakir\u00e1ny\u00fa fejleszt\u00e9si \u00e9s felz\u00e1rk\u00f3ztat\u00e1si projekten kereszt\u00fcl m\u00e9ly\u00edthetik el. -A projekt sikeress\u00e9g\u00e9nek \u00e9rdek\u00e9ben m\u00f3dszertani meg\u00fajul\u00e1son t\u00fal pedag\u00f3gus tov\u00e1bbk\u00e9pz\u00e9seket tervez\u00fcnk, illetve a kompetencia alap\u00fa [&hellip;]<\/p>\n","protected":false},"author":2,"featured_media":0,"comment_status":"closed","ping_status":"closed","sticky":false,"template":"","format":"standard","meta":[],"categories":[9],"tags":[],"_links":{"self":[{"href":"http:\/\/archiv.szolnoktv.hu\/index.php?rest_route=\/wp\/v2\/posts\/8468"}],"collection":[{"href":"http:\/\/archiv.szolnoktv.hu\/index.php?rest_route=\/wp\/v2\/posts"}],"about":[{"href":"http:\/\/archiv.szolnoktv.hu\/index.php?rest_route=\/wp\/v2\/types\/post"}],"author":[{"embeddable":true,"href":"http:\/\/archiv.szolnoktv.hu\/index.php?rest_route=\/wp\/v2\/users\/2"}],"replies":[{"embeddable":true,"href":"http:\/\/archiv.szolnoktv.hu\/index.php?rest_route=%2Fwp%2Fv2%2Fcomments&post=8468"}],"version-history":[{"count":1,"href":"http:\/\/archiv.szolnoktv.hu\/index.php?rest_route=\/wp\/v2\/posts\/8468\/revisions"}],"predecessor-version":[{"id":8485,"href":"http:\/\/archiv.szolnoktv.hu\/index.php?rest_route=\/wp\/v2\/posts\/8468\/revisions\/8485"}],"wp:attachment":[{"href":"http:\/\/archiv.szolnoktv.hu\/index.php?rest_route=%2Fwp%2Fv2%2Fmedia&parent=8468"}],"wp:term":[{"taxonomy":"category","embeddable":true,"href":"http:\/\/archiv.szolnoktv.hu\/index.php?rest_route=%2Fwp%2Fv2%2Fcategories&post=8468"},{"taxonomy":"post_tag","embeddable":true,"href":"http:\/\/archiv.szolnoktv.hu\/index.php?rest_route=%2Fwp%2Fv2%2Ftags&post=8468"}],"curies":[{"name":"wp","href":"https:\/\/api.w.org\/{rel}","templated":true}]}}