{"id":8467,"date":"2018-03-12T17:21:18","date_gmt":"2018-03-12T17:21:18","guid":{"rendered":"http:\/\/archiv.szolnoktv.hu\/?p=8467"},"modified":"2021-08-13T19:45:40","modified_gmt":"2021-08-13T19:45:40","slug":"laptopot-kaptak-a-szolnoki-pedagogusok","status":"publish","type":"post","link":"http:\/\/archiv.szolnoktv.hu\/?p=8467","title":{"rendered":"Laptopot kaptak a szolnoki pedag\u00f3gusok"},"content":{"rendered":"<div class='booster-block booster-read-block'><\/div><p>Ilyen \u00e9s ehhez hasonl\u00f3 teljes\u00edtm\u00e9ny\u0171 laptopokat kaptak a K\u0151r\u00f6si Csoma S\u00e1ndor \u00c1ltal\u00e1nos Iskola tan\u00e1rai. <br \/>Azok pedag\u00f3gusok kaptak sz\u00e1m\u00edt\u00f3g\u00e9pet, akik ig\u00e9nyelt\u00e9k \u00e9s v\u00e1llalt\u00e1k az eszk\u00f6zhaszn\u00e1latot biztos\u00edt\u00f3 tov\u00e1bbk\u00e9pz\u00e9st is. <\/p>\n<p>-M\u00e1r a lehet\u0151s\u00e9gnek is \u00f6r\u00fclt\u00fcnk, ez tavaly m\u00e1jusban der\u00fclt ki, hogy ez a p\u00e1ly\u00e1zat indul. A koll\u00e9g\u00e1k is gondolom \u00f6r\u00fcltek neki, hiszen 36 koll\u00e9ga p\u00e1ly\u00e1zott ezekre a laptopokra. Ez azt jelenti, hogy a tantest\u00fclet minden m\u00e1sodik tagja ig\u00e9nyelte.&#8221; &#8211; mondta  G\u00e1l G\u00e1bor,  igazgat\u00f3.<\/p>\n<p>A sz\u00e1m\u00edt\u00f3g\u00e9peket a Szolnoki Tanker\u00fcleti K\u00f6zpont vezet\u0151je adta \u00e1t a tan\u00e1roknak. Szutorisz-Sz\u00fcgyi Csongor elmondta:  A laptopokat a digit\u00e1lis kompetencia fejleszt\u00e9s\u00e9t c\u00e9lz\u00f3, eur\u00f3pai uni\u00f3s t\u00e1mogat\u00e1sb\u00f3l megval\u00f3sul\u00f3 projekt keret\u00e9ben kapj\u00e1k meg a pedag\u00f3gusok. Ma m\u00e1r elengedhetetlen a digit\u00e1lis k\u00f6rnyezet, ez\u00e9rt fontos c\u00e9l, hogy az iskol\u00e1k megfelel\u0151 s\u00e1vsz\u00e9less\u00e9g\u0171 internettel \u00e9s wi-fi-vel is rendelkezzenek  &#8211;   tette hozz\u00e1 az igazgat\u00f3. <\/p>\n<p>-Szolnokon t\u00f6bb mint 400, ha Szolnok j\u00e1r\u00e1st n\u00e9zz\u00fck, akkor t\u00f6bb mint 500, de tanker\u00fcleti szinten k\u00f6zel 1000laptop ker\u00fcl kioszt\u00e1sra. &#8211;<\/p>\n<p>Orsz\u00e1gosan mintegy 90 milli\u00e1rd forintot k\u00f6ltenek az iskol\u00e1k \u00e9p\u00edtett infrastrukt\u00far\u00e1j\u00e1nak fejleszt\u00e9s\u00e9re. &#8211; mondta Szalay Ferenc. Ez a p\u00e1ly\u00e1zat pedig lehet\u0151v\u00e9 teszi a korszer\u0171 digit\u00e1lis k\u00f6rnyezetet  &#8211;   tette hozz\u00e1 a polg\u00e1rmester. <\/p>\n<p>-Nagy b\u00fcszkes\u00e9g \u00e9s boldogs\u00e1g, hogy azon t\u00falmen\u0151en, hogy a v\u00e1ros mondjuk ezt az iskol\u00e1t fel\u00faj\u00edtotta, vagy a Szandait, vagy a Sz\u00e9chenyit, \u00f3vod\u00e1kat, b\u00f6lcs\u0151d\u00e9ket \u00e9p\u00edtett\u00fcnk \u00fajj\u00e1, hogy az infrastrukt\u00fara fejleszt\u00e9se mell\u00e9 ideker\u00fcl az oktat\u00e1s nagyon magas szint\u0171 felt\u00e9tel rendszer\u00e9nek biztos\u00edt\u00e1sa. &#8211; &#8211; mondta Szalay Ferenc. <\/p>\n<p>Az informatikai fejleszt\u00e9s sor\u00e1n a tervek szerint 5000 projektort \u00e9s 3000 interakt\u00edv panelt is kiosztanak az iskol\u00e1knak.<br \/>\n<br \/>\n<div style=\"width: 640px;\" class=\"wp-video\"><!--[if lt IE 9]><script>document.createElement('video');<\/script><![endif]-->\n<video class=\"wp-video-shortcode\" id=\"video-8467-1\" width=\"640\" height=\"360\" preload=\"metadata\" controls=\"controls\"><source type=\"video\/mp4\" src=\"\/spots\/hir\/hir_180312_06.mp4?_=1\" \/><a href=\"\/spots\/hir\/hir_180312_06.mp4\">\/spots\/hir\/hir_180312_06.mp4<\/a><\/video><\/div><\/p>\n","protected":false},"excerpt":{"rendered":"<p>Ilyen \u00e9s ehhez hasonl\u00f3 teljes\u00edtm\u00e9ny\u0171 laptopokat kaptak a K\u0151r\u00f6si Csoma S\u00e1ndor \u00c1ltal\u00e1nos Iskola tan\u00e1rai. Azok pedag\u00f3gusok kaptak sz\u00e1m\u00edt\u00f3g\u00e9pet, akik ig\u00e9nyelt\u00e9k \u00e9s v\u00e1llalt\u00e1k az eszk\u00f6zhaszn\u00e1latot biztos\u00edt\u00f3 tov\u00e1bbk\u00e9pz\u00e9st is. -M\u00e1r a lehet\u0151s\u00e9gnek is \u00f6r\u00fclt\u00fcnk, ez tavaly m\u00e1jusban der\u00fclt ki, hogy ez a p\u00e1ly\u00e1zat indul. A koll\u00e9g\u00e1k is gondolom \u00f6r\u00fcltek neki, hiszen 36 koll\u00e9ga p\u00e1ly\u00e1zott ezekre a laptopokra. [&hellip;]<\/p>\n","protected":false},"author":2,"featured_media":0,"comment_status":"closed","ping_status":"closed","sticky":false,"template":"","format":"standard","meta":[],"categories":[9],"tags":[],"_links":{"self":[{"href":"http:\/\/archiv.szolnoktv.hu\/index.php?rest_route=\/wp\/v2\/posts\/8467"}],"collection":[{"href":"http:\/\/archiv.szolnoktv.hu\/index.php?rest_route=\/wp\/v2\/posts"}],"about":[{"href":"http:\/\/archiv.szolnoktv.hu\/index.php?rest_route=\/wp\/v2\/types\/post"}],"author":[{"embeddable":true,"href":"http:\/\/archiv.szolnoktv.hu\/index.php?rest_route=\/wp\/v2\/users\/2"}],"replies":[{"embeddable":true,"href":"http:\/\/archiv.szolnoktv.hu\/index.php?rest_route=%2Fwp%2Fv2%2Fcomments&post=8467"}],"version-history":[{"count":1,"href":"http:\/\/archiv.szolnoktv.hu\/index.php?rest_route=\/wp\/v2\/posts\/8467\/revisions"}],"predecessor-version":[{"id":8486,"href":"http:\/\/archiv.szolnoktv.hu\/index.php?rest_route=\/wp\/v2\/posts\/8467\/revisions\/8486"}],"wp:attachment":[{"href":"http:\/\/archiv.szolnoktv.hu\/index.php?rest_route=%2Fwp%2Fv2%2Fmedia&parent=8467"}],"wp:term":[{"taxonomy":"category","embeddable":true,"href":"http:\/\/archiv.szolnoktv.hu\/index.php?rest_route=%2Fwp%2Fv2%2Fcategories&post=8467"},{"taxonomy":"post_tag","embeddable":true,"href":"http:\/\/archiv.szolnoktv.hu\/index.php?rest_route=%2Fwp%2Fv2%2Ftags&post=8467"}],"curies":[{"name":"wp","href":"https:\/\/api.w.org\/{rel}","templated":true}]}}