{"id":8466,"date":"2018-03-12T15:44:06","date_gmt":"2018-03-12T15:44:06","guid":{"rendered":"http:\/\/archiv.szolnoktv.hu\/?p=8466"},"modified":"2021-08-13T19:45:40","modified_gmt":"2021-08-13T19:45:40","slug":"fodrasz-es-kozmetikus-verseny","status":"publish","type":"post","link":"http:\/\/archiv.szolnoktv.hu\/?p=8466","title":{"rendered":"Fodr\u00e1sz -\u00e9s kozmetikus verseny"},"content":{"rendered":"<div class='booster-block booster-read-block'><\/div><p>Ism\u00e9t fodr\u00e1sz- \u00e9s kozmetikus tanul\u00f3knak szervezett versenyt a Ruhaipari Szakk\u00f6z\u00e9p Iskola. Az iskola egyik tanul\u00f3ja, Pesti No\u00e9mi t\u00f6bb h\u00e9t tervez\u00e9s \u00e9s gyakorl\u00e1s ut\u00e1n k\u00e9sz\u00edtette el a versenyre meg\u00e1lmodott est\u00e9lyi kontyot, a rendelkez\u00e9sre \u00e1ll\u00f3 45 perc alatt. A tanul\u00f3 rutinos versenyz\u0151, szombaton m\u00e1r 5. alkalommal m\u00e9rettette meg mag\u00e1t a RISZI esem\u00e9ny\u00e9n. <\/p>\n<p>-Most pr\u00f3b\u00e1ltam min\u00e9l t\u00f6bbet tenni az\u00e9rt, hogy az el\u0151\u00edr\u00e1snak megfelel\u0151 legyen, az amit k\u00e9sz\u00edtek kontyot. Evvel az a c\u00e9lom, hogy min\u00e9l szebb legyen \u00e9s hogy egy est\u00e9lyiben t\u00e9nyleg el tudjon menni. Teh\u00e1t, hogy t\u00e9nyleg egy est\u00e9lyi kontyot adjak, ami megfelel a ki\u00edr\u00e1soknak.&#8221;<\/p>\n<p>A 3 f\u0151s szakmai zs\u0171ri \u00f6r\u00f6mmel, de kritikus szemmel mustr\u00e1lta a versenymunk\u00e1kat.<\/p>\n<p>-Az els\u0151 sz\u00e1mba f\u00e9rfi hajv\u00e1g\u00e1s technik\u00e1k voltak. Nagyon \u00fcgyesek a tanul\u00f3k.  Amit n\u00e9z\u00fcnk most az utcai, nappali, hordhat\u00f3 f\u00e9rfi hajviselet, ennek v\u00e1g\u00e1sa \u00e9s sz\u00e1r\u00edt\u00e1sa. A m\u00e1sodik sz\u00e1mba, amit most lehet is a h\u00e1tt\u00e9rben l\u00e1tni a kontyok, ami a fonatokkal \u00f6sszefonva \u00e9s a teljes kreativit\u00e1sukat a tanul\u00f3k itt kiadhatj\u00e1k.&#8221; -mondta Ga\u00e1l Gabriella, a fodr\u00e1szok zs\u0171rieln\u00f6ke.<\/p>\n<p>Az est\u00e9lyi frizura elk\u00e9sz\u00edt\u00e9s\u00e9nek egyik krit\u00e9riuma, hogy a modell fej\u00e9nek legal\u00e1bb 80%-\u00e1t a helysz\u00ednen k\u00e9sz\u00edtett fon\u00e1ssal kellett d\u00edsz\u00edteni.<\/p>\n<p>A kozmetikus tanul\u00f3k nappali \u00e9s fant\u00e1zia sminkeket k\u00e9sz\u00edtettek. Az ut\u00f3bbi eset\u00e9ben az \u0151szi erd\u0151 t\u00e9m\u00e1j\u00e1ban alkottak. <\/p>\n<p>-Igaz\u00e1b\u00f3l az\u00e9rt ezt v\u00e1lasztottuk, mert a csal\u00e1dban vannak vad\u00e1szok \u00e9s nagyon szeretem az \u00e1llatokat \u00e9s mivel erd\u0151 t\u00e9m\u00e1ban kellett v\u00e1lasztani, \u00edgy nekem az \u00e1llatok v\u00e9delmez\u0151je lett \u0151.&#8221; -mondta Domokos Cintia kozmetikus tanul\u00f3, akinek sokat a felk\u00e9sz\u00fcl\u00e9sben a csal\u00e1dja \u00e9s oktat\u00f3ja is.<\/p>\n<p>A zs\u0171ri szigor\u00fa szempontok alapj\u00e1n \u00edt\u00e9lkezett. A nappali smink kateg\u00f3ri\u00e1ban a m\u0171szempilla, tetov\u00e1l\u00e1s \u00e9s el\u0151re elk\u00e9sz\u00edtett alapoz\u00e1s kiz\u00e1r\u00f3 oknak min\u0151s\u00fclt. A fant\u00e1zia smink eset\u00e9ben pedig el\u0151nyben r\u00e9szes\u00edtett\u00e9k a testfest\u00e9st \u00e9s a k\u00fcl\u00f6nb\u00f6z\u0151 d\u00edsz\u00edt\u00e9seket a modelleken.<\/p>\n<p>-Nagyon nagy l\u00e9tsz\u00e1mban j\u00f6ttek, 26-an vannak az els\u0151 csoportba, a nappali csoportba, 45 perc\u00fck volt rendelkez\u00e9sre \u00e9s a fant\u00e1zia sminkre 24-en jelentkeztek.&#8221; -mondta Cs\u0151sz Ferencn\u00e9 mesterkozmetikus, zs\u0171rieln\u00f6k.<\/p>\n<p>A m\u00falt heti iskolai szakmai h\u00e9t cs\u00facsrendezv\u00e9nye volt a h\u00e9tv\u00e9gi verseny. <\/p>\n<p>-N\u00e1lunk ez a szakma nagyon r\u00e9gen oktatott vagy ez a szakmacsoport, hiszen itt a sz\u00e9p\u00e9szet \u00e1gr\u00f3l besz\u00e9l\u00fcnk \u00e9s a fodr\u00e1sz kozmetikus szakm\u00e1r\u00f3l. Azt gondoljuk, hogy j\u00f3l felszerelt tanm\u0171helyeink \u00e9s azok a gyakorlati k\u00e9pz\u0151helyeink, amik rendelkez\u00e9sre \u00e1llnak Szolnokon \u00e9s azok a tanul\u00f3k, akik elk\u00f6telezettek ebben a szakm\u00e1ban, meg kell, hogy mutass\u00e1k magukat&#8221; -nyilatkozta Simon Gyula, a Szolnoki Szolg\u00e1ltat\u00e1si SZC Ruhaipari K\u00f6z\u00e9piskol\u00e1ja, \u00c1ltal\u00e1nos Iskol\u00e1ja \u00e9s Koll\u00e9gium\u00e1nak tagint\u00e9zm\u00e9ny-vezet\u0151je.<\/p>\n<p>A region\u00e1lis szint\u0171 esem\u00e9nyre Debrecenb\u0151l, J\u00e1szber\u00e9nyb\u0151l \u00e9s Cegl\u00e9dr\u0151l is \u00e9rkeztek versenyz\u0151k \u00e9s felk\u00e9sz\u00edt\u0151 tan\u00e1rok egyar\u00e1nt.<\/p>\n<div style=\"width: 640px;\" class=\"wp-video\"><!--[if lt IE 9]><script>document.createElement('video');<\/script><![endif]-->\n<video class=\"wp-video-shortcode\" id=\"video-8466-1\" width=\"640\" height=\"360\" preload=\"metadata\" controls=\"controls\"><source type=\"video\/mp4\" src=\"\/spots\/hir\/hir_180312_05.mp4?_=1\" \/><a href=\"\/spots\/hir\/hir_180312_05.mp4\">\/spots\/hir\/hir_180312_05.mp4<\/a><\/video><\/div>\n","protected":false},"excerpt":{"rendered":"<p>Ism\u00e9t fodr\u00e1sz- \u00e9s kozmetikus tanul\u00f3knak szervezett versenyt a Ruhaipari Szakk\u00f6z\u00e9p Iskola. Az iskola egyik tanul\u00f3ja, Pesti No\u00e9mi t\u00f6bb h\u00e9t tervez\u00e9s \u00e9s gyakorl\u00e1s ut\u00e1n k\u00e9sz\u00edtette el a versenyre meg\u00e1lmodott est\u00e9lyi kontyot, a rendelkez\u00e9sre \u00e1ll\u00f3 45 perc alatt. A tanul\u00f3 rutinos versenyz\u0151, szombaton m\u00e1r 5. alkalommal m\u00e9rettette meg mag\u00e1t a RISZI esem\u00e9ny\u00e9n. -Most pr\u00f3b\u00e1ltam min\u00e9l t\u00f6bbet tenni [&hellip;]<\/p>\n","protected":false},"author":2,"featured_media":0,"comment_status":"closed","ping_status":"closed","sticky":false,"template":"","format":"standard","meta":[],"categories":[9],"tags":[],"_links":{"self":[{"href":"http:\/\/archiv.szolnoktv.hu\/index.php?rest_route=\/wp\/v2\/posts\/8466"}],"collection":[{"href":"http:\/\/archiv.szolnoktv.hu\/index.php?rest_route=\/wp\/v2\/posts"}],"about":[{"href":"http:\/\/archiv.szolnoktv.hu\/index.php?rest_route=\/wp\/v2\/types\/post"}],"author":[{"embeddable":true,"href":"http:\/\/archiv.szolnoktv.hu\/index.php?rest_route=\/wp\/v2\/users\/2"}],"replies":[{"embeddable":true,"href":"http:\/\/archiv.szolnoktv.hu\/index.php?rest_route=%2Fwp%2Fv2%2Fcomments&post=8466"}],"version-history":[{"count":1,"href":"http:\/\/archiv.szolnoktv.hu\/index.php?rest_route=\/wp\/v2\/posts\/8466\/revisions"}],"predecessor-version":[{"id":8487,"href":"http:\/\/archiv.szolnoktv.hu\/index.php?rest_route=\/wp\/v2\/posts\/8466\/revisions\/8487"}],"wp:attachment":[{"href":"http:\/\/archiv.szolnoktv.hu\/index.php?rest_route=%2Fwp%2Fv2%2Fmedia&parent=8466"}],"wp:term":[{"taxonomy":"category","embeddable":true,"href":"http:\/\/archiv.szolnoktv.hu\/index.php?rest_route=%2Fwp%2Fv2%2Fcategories&post=8466"},{"taxonomy":"post_tag","embeddable":true,"href":"http:\/\/archiv.szolnoktv.hu\/index.php?rest_route=%2Fwp%2Fv2%2Ftags&post=8466"}],"curies":[{"name":"wp","href":"https:\/\/api.w.org\/{rel}","templated":true}]}}