{"id":8465,"date":"2018-03-12T15:37:31","date_gmt":"2018-03-12T15:37:31","guid":{"rendered":"http:\/\/archiv.szolnoktv.hu\/?p=8465"},"modified":"2021-08-13T19:45:41","modified_gmt":"2021-08-13T19:45:41","slug":"okos-ingazas-smart-commuting","status":"publish","type":"post","link":"http:\/\/archiv.szolnoktv.hu\/?p=8465","title":{"rendered":"Okos ing\u00e1z\u00e1s  &#8211;   Smart Commuting"},"content":{"rendered":"<div class='booster-block booster-read-block'><\/div><p>Napjaink egyik fontos k\u00e9rd\u00e9se \u00e9s \u00e9let\u00fcnk meghat\u00e1roz\u00f3 t\u00e9m\u00e1ja a k\u00f6rnyezetv\u00e9delem  &#8211;   a k\u00f6zleked\u00e9s tekintet\u00e9ben is. A Smart Commuting n\u00e9vre keresztelt, magyarosan Okos Ing\u00e1z\u00e1s projekt fontos egyik fontos eleme ez.<\/p>\n<p>-Az emisszi\u00f3 kibocs\u00e1jt\u00e1s a k\u00f6rnyezet terhel\u00e9se a k\u00f6zleked\u00e9s szervez\u00e9s\u00e9n\u00e9l f\u0151leg a v\u00e1rosi k\u00f6zleked\u00e9s szervez\u00e9s\u00e9n\u00e9l \u00f3ri\u00e1si szerepe \u00e9s jelent\u0151s\u00e9ge van. Ez a program err\u0151l sz\u00f3l, hogy pr\u00f3b\u00e1ljuk keresni az alternat\u00edv\u00e1kat \u00e9s lehet\u0151s\u00e9geket.&#8221;  &#8211;   mondta Szab\u00f3 Istv\u00e1n Szolnok alpolg\u00e1rmestere.<\/p>\n<p>Nem csak a v\u00e1rosi, hanem a t\u00e1vols\u00e1gi k\u00f6zleked\u00e9sben is. Szolnokra ugyanis annak t\u00f6bb t\u00edz kilom\u00e9teres k\u00f6rzet\u00e9b\u0151l j\u00e1rnak dolgozni.<\/p>\n<p>-Ezeknek a egy\u00fcttm\u0171k\u00f6d\u00e9s\u00e9t, ing\u00e1z\u00f3 k\u00f6zleked\u00e9s\u00e9t akarjuk fejleszteni \u00e9s egy integr\u00e1lt multimod\u00e1lis rendszer ir\u00e1ny\u00e1ba t\u00f6rt\u00e9n\u0151 fejleszt\u00e9s a projekt c\u00e9lja.&#8221;  &#8211;   mondta Dr. Mari\u00e1n Mikl\u00f3s projekt manager.<\/p>\n<p>Annak \u00e9rdek\u00e9ben, hogy a program el\u00e9rje c\u00e9lj\u00e1t \u00e9s val\u00f3s feladatokat tudjanak megoldani egy k\u00e9rd\u0151\u00edves felm\u00e9r\u00e9s k\u00e9sz\u00fclt.<\/p>\n<p>-Az interj\u00faalanyokat n\u00e9gy nagy csoportra osztottuk. Hat\u00f3s\u00e1gok, ell\u00e1t\u00e1s\u00e9rt felel\u0151s\u00f6k, megrendel\u0151 szervezetek, korm\u00e1nyhivatalok. Ezek voltak a nagyfoglalkoztat\u00f3k, voltak a k\u00f6zleked\u00e9si szolg\u00e1ltat\u00f3k, infrastrukt\u00fara \u00fczemeltet\u0151k illetve egy\u00e9b gazdas\u00e1gi t\u00e1rsas\u00e1gok, nem korm\u00e1nyzati szervezetek.&#8221;  &#8211;   mondta Mur\u00e1nyi Szilvia vezet\u0151 tan\u00e1csad\u00f3.<\/p>\n<p>17 int\u00e9zked\u00e9si tervet v\u00e1lasztottak ki, melyek k\u00f6z\u00f6tt szerepel t\u00f6bbek k\u00f6z\u00f6tt telekocsi valamint ker\u00e9kp\u00e1r- \u00e9s aut\u00f3megoszt\u00f3 szolg\u00e1ltat\u00e1s. Ig\u00e9nyk\u00e9nt mer\u00fclt fel a menetrendek m\u0171szakrendekhez igaz\u00edt\u00e1sa illetve c\u00e9l, hogy egyre t\u00f6bb elektromos j\u00e1rm\u0171 ker\u00fclj\u00f6n forgalomba.<\/p>\n<div style=\"width: 640px;\" class=\"wp-video\"><!--[if lt IE 9]><script>document.createElement('video');<\/script><![endif]-->\n<video class=\"wp-video-shortcode\" id=\"video-8465-1\" width=\"640\" height=\"360\" preload=\"metadata\" controls=\"controls\"><source type=\"video\/mp4\" src=\"\/spots\/hir\/hir_180312_04.mp4?_=1\" \/><a href=\"\/spots\/hir\/hir_180312_04.mp4\">\/spots\/hir\/hir_180312_04.mp4<\/a><\/video><\/div>\n","protected":false},"excerpt":{"rendered":"<p>Napjaink egyik fontos k\u00e9rd\u00e9se \u00e9s \u00e9let\u00fcnk meghat\u00e1roz\u00f3 t\u00e9m\u00e1ja a k\u00f6rnyezetv\u00e9delem &#8211; a k\u00f6zleked\u00e9s tekintet\u00e9ben is. A Smart Commuting n\u00e9vre keresztelt, magyarosan Okos Ing\u00e1z\u00e1s projekt fontos egyik fontos eleme ez. -Az emisszi\u00f3 kibocs\u00e1jt\u00e1s a k\u00f6rnyezet terhel\u00e9se a k\u00f6zleked\u00e9s szervez\u00e9s\u00e9n\u00e9l f\u0151leg a v\u00e1rosi k\u00f6zleked\u00e9s szervez\u00e9s\u00e9n\u00e9l \u00f3ri\u00e1si szerepe \u00e9s jelent\u0151s\u00e9ge van. Ez a program err\u0151l sz\u00f3l, hogy pr\u00f3b\u00e1ljuk [&hellip;]<\/p>\n","protected":false},"author":2,"featured_media":0,"comment_status":"closed","ping_status":"closed","sticky":false,"template":"","format":"standard","meta":[],"categories":[9],"tags":[],"_links":{"self":[{"href":"http:\/\/archiv.szolnoktv.hu\/index.php?rest_route=\/wp\/v2\/posts\/8465"}],"collection":[{"href":"http:\/\/archiv.szolnoktv.hu\/index.php?rest_route=\/wp\/v2\/posts"}],"about":[{"href":"http:\/\/archiv.szolnoktv.hu\/index.php?rest_route=\/wp\/v2\/types\/post"}],"author":[{"embeddable":true,"href":"http:\/\/archiv.szolnoktv.hu\/index.php?rest_route=\/wp\/v2\/users\/2"}],"replies":[{"embeddable":true,"href":"http:\/\/archiv.szolnoktv.hu\/index.php?rest_route=%2Fwp%2Fv2%2Fcomments&post=8465"}],"version-history":[{"count":1,"href":"http:\/\/archiv.szolnoktv.hu\/index.php?rest_route=\/wp\/v2\/posts\/8465\/revisions"}],"predecessor-version":[{"id":8488,"href":"http:\/\/archiv.szolnoktv.hu\/index.php?rest_route=\/wp\/v2\/posts\/8465\/revisions\/8488"}],"wp:attachment":[{"href":"http:\/\/archiv.szolnoktv.hu\/index.php?rest_route=%2Fwp%2Fv2%2Fmedia&parent=8465"}],"wp:term":[{"taxonomy":"category","embeddable":true,"href":"http:\/\/archiv.szolnoktv.hu\/index.php?rest_route=%2Fwp%2Fv2%2Fcategories&post=8465"},{"taxonomy":"post_tag","embeddable":true,"href":"http:\/\/archiv.szolnoktv.hu\/index.php?rest_route=%2Fwp%2Fv2%2Ftags&post=8465"}],"curies":[{"name":"wp","href":"https:\/\/api.w.org\/{rel}","templated":true}]}}