{"id":8464,"date":"2018-03-12T15:30:46","date_gmt":"2018-03-12T15:30:46","guid":{"rendered":"http:\/\/archiv.szolnoktv.hu\/?p=8464"},"modified":"2021-08-13T19:45:41","modified_gmt":"2021-08-13T19:45:41","slug":"szekely-szabadsag-napja","status":"publish","type":"post","link":"http:\/\/archiv.szolnoktv.hu\/?p=8464","title":{"rendered":"Sz\u00e9kely Szabads\u00e1g Napja"},"content":{"rendered":"<div class='booster-block booster-read-block'><\/div><p>A Szenth\u00e1roms\u00e1g t\u00e9ren \u00f6sszegy\u0171lt k\u00f6z\u00f6ns\u00e9get B\u00f6jte Csaba ferences rendi szerzetes k\u00f6sz\u00f6nt\u00f6tte. Besz\u00e9d\u00e9ben kiemelte- &#8220;m\u00edg a m\u00e1rt\u00edrok annak idej\u00e9n \u00e9let\u00fcket adt\u00e1k a f\u00fcggetlens\u00e9g kiv\u00edv\u00e1s\u00e1\u00e9rt, ma az \u00f6nz\u00e9s, a kapzsis\u00e1g tartja fogva az embereket. Elt\u0171n\u0151ben van a sz\u00e9kelys\u00e9get \u00f6sszetart\u00f3 \u00e9rt\u00e9krend. Az utols\u00f3 \u00f3r\u00e1ban vagyunk, hogy meg\u00e1lljt parancsoljunk a pusztul\u00e1snak&#8221;<\/p>\n<p>&#8220;\u00c9n \u00fagy \u00e9rzem, hogy a sz\u00e9kelyek szabads\u00e1gharca- ak\u00e1rcsak a magyarok\u00e9- m\u00e9g nem \u00e9rt v\u00e9get. Az elm\u00falt 25 \u00e9vben t\u00f6bb mint hatezer gyereket fogadtam be \u00e9s azt kell, hogy mondjam egy olyan gyerek nincs akinek az apj\u00e1t, a csal\u00e1dj\u00e1t valamilyen idegen nagyhatalmak vert\u00e9k volna sz\u00e9t. De olyan sincs akinek h\u00e1bor\u00fa \u00e1ldozata lett volna, ez\u00e9rt ker\u00fclt volna gyerekotthonba, vagy term\u00e9szeti katasztr\u00f3fa puszt\u00edtotta el a sz\u00fcl\u0151f\u00f6ldj\u00e9t.&#8221;<\/p>\n<p>Fontos- folytatta a D\u00e9vai Szent Ferenc Alap\u00edtv\u00e1ny vezet\u0151je-  hogy ne m\u00e1sokra mutogassunk. Hib\u00e1inkat magunk orvosoljuk&#8230; A Sz\u00e9kely Szabads\u00e1g Napja ily m\u00f3don k\u00fcl\u00f6n\u00f6s hangs\u00falyt ad napjaink megold\u00e1sra v\u00e1r\u00f3 probl\u00e9m\u00e1inak. M\u00e1rcius tizedike az \u00f6sszetart\u00e1sr\u00f3l, az \u00f6sszetartoz\u00e1sr\u00f3l sz\u00f3l. <\/p>\n<p>&#8220;Rengetegen \u00e9rezt\u00e9k azt, hogy az \u00f6sszetartoz\u00e1s gondolata meg kell, hogy jelenjen itt az emberek lelk\u00e9ben \u00e9s sug\u00e1rozzon. \u00c9s ennek az eg\u00e9sz napnak m\u00e1sokban is azt gondolom az az az \u00fczenete, hogy egy v\u00e9rb\u0151l val\u00f3k vagyunk, egy nemzet vagyunk \u00e9s egy\u00fctt kell tudnunk gondolkodni abban, hogy b\u00e1r a hat\u00e1rokon k\u00edv\u00fcl \u00e9lnek nem kevesen magyark\u00e9nt az\u00e9rt egy\u00fctt gondolkodva kell Eur\u00f3p\u00e1nak meghat\u00e1roz\u00f3 r\u00e9sz\u00e9nek maradni.&#8221;- hangs\u00falyozta Szalay Ferenc polg\u00e1rmester.<\/p>\n<p>A belv\u00e1rosi nagytemplom el\u0151tt tartott megeml\u00e9kez\u00e9st Szkiba Tibor g\u00f6r\u00f6gkatolikus par\u00f3kus gondolatai z\u00e1rt\u00e1k. Az esem\u00e9nyt id\u00e9n is hagyom\u00e1ny\u00e1pol\u00f3 n\u00e9pt\u00e1nc \u00e9s n\u00e9pzenei csoportok fell\u00e9p\u00e9se tette eml\u00e9kezetess\u00e9. <\/p>\n<div style=\"width: 640px;\" class=\"wp-video\"><!--[if lt IE 9]><script>document.createElement('video');<\/script><![endif]-->\n<video class=\"wp-video-shortcode\" id=\"video-8464-1\" width=\"640\" height=\"360\" preload=\"metadata\" controls=\"controls\"><source type=\"video\/mp4\" src=\"\/spots\/hir\/hir_180312_03.mp4?_=1\" \/><a href=\"\/spots\/hir\/hir_180312_03.mp4\">\/spots\/hir\/hir_180312_03.mp4<\/a><\/video><\/div>\n","protected":false},"excerpt":{"rendered":"<p>A Szenth\u00e1roms\u00e1g t\u00e9ren \u00f6sszegy\u0171lt k\u00f6z\u00f6ns\u00e9get B\u00f6jte Csaba ferences rendi szerzetes k\u00f6sz\u00f6nt\u00f6tte. Besz\u00e9d\u00e9ben kiemelte- &#8220;m\u00edg a m\u00e1rt\u00edrok annak idej\u00e9n \u00e9let\u00fcket adt\u00e1k a f\u00fcggetlens\u00e9g kiv\u00edv\u00e1s\u00e1\u00e9rt, ma az \u00f6nz\u00e9s, a kapzsis\u00e1g tartja fogva az embereket. Elt\u0171n\u0151ben van a sz\u00e9kelys\u00e9get \u00f6sszetart\u00f3 \u00e9rt\u00e9krend. Az utols\u00f3 \u00f3r\u00e1ban vagyunk, hogy meg\u00e1lljt parancsoljunk a pusztul\u00e1snak&#8221; &#8220;\u00c9n \u00fagy \u00e9rzem, hogy a sz\u00e9kelyek szabads\u00e1gharca- ak\u00e1rcsak [&hellip;]<\/p>\n","protected":false},"author":2,"featured_media":0,"comment_status":"closed","ping_status":"closed","sticky":false,"template":"","format":"standard","meta":[],"categories":[9],"tags":[],"_links":{"self":[{"href":"http:\/\/archiv.szolnoktv.hu\/index.php?rest_route=\/wp\/v2\/posts\/8464"}],"collection":[{"href":"http:\/\/archiv.szolnoktv.hu\/index.php?rest_route=\/wp\/v2\/posts"}],"about":[{"href":"http:\/\/archiv.szolnoktv.hu\/index.php?rest_route=\/wp\/v2\/types\/post"}],"author":[{"embeddable":true,"href":"http:\/\/archiv.szolnoktv.hu\/index.php?rest_route=\/wp\/v2\/users\/2"}],"replies":[{"embeddable":true,"href":"http:\/\/archiv.szolnoktv.hu\/index.php?rest_route=%2Fwp%2Fv2%2Fcomments&post=8464"}],"version-history":[{"count":1,"href":"http:\/\/archiv.szolnoktv.hu\/index.php?rest_route=\/wp\/v2\/posts\/8464\/revisions"}],"predecessor-version":[{"id":8489,"href":"http:\/\/archiv.szolnoktv.hu\/index.php?rest_route=\/wp\/v2\/posts\/8464\/revisions\/8489"}],"wp:attachment":[{"href":"http:\/\/archiv.szolnoktv.hu\/index.php?rest_route=%2Fwp%2Fv2%2Fmedia&parent=8464"}],"wp:term":[{"taxonomy":"category","embeddable":true,"href":"http:\/\/archiv.szolnoktv.hu\/index.php?rest_route=%2Fwp%2Fv2%2Fcategories&post=8464"},{"taxonomy":"post_tag","embeddable":true,"href":"http:\/\/archiv.szolnoktv.hu\/index.php?rest_route=%2Fwp%2Fv2%2Ftags&post=8464"}],"curies":[{"name":"wp","href":"https:\/\/api.w.org\/{rel}","templated":true}]}}