{"id":8463,"date":"2018-03-12T15:22:07","date_gmt":"2018-03-12T15:22:07","guid":{"rendered":"http:\/\/archiv.szolnoktv.hu\/?p=8463"},"modified":"2021-08-13T19:45:41","modified_gmt":"2021-08-13T19:45:41","slug":"szimulator-verseny-a-reptarban","status":"publish","type":"post","link":"http:\/\/archiv.szolnoktv.hu\/?p=8463","title":{"rendered":"Szimul\u00e1tor verseny a RepT\u00e1rban"},"content":{"rendered":"<div class='booster-block booster-read-block'><\/div><p>Fidel \u00c1kos, az MH86 Szolnok Helikopter B\u00e1zis sz\u00e1zadosa k\u00f6zvet\u00edtette a harcokat az els\u0151 Szimul\u00e1tor Bajnoks\u00e1gon. Az orsz\u00e1g sz\u00e1mos pontj\u00e1r\u00f3l \u00e9rkeztek b\u00edr\u00e1k, versenyz\u0151k \u00e9s n\u00e9z\u0151k egyar\u00e1nt. M\u00e9sz\u00e1ros Krist\u00f3f Tiszav\u00e1rkonyb\u00f3l j\u00f6tt, hogy megm\u00e9rettesse mag\u00e1t \u00e9lete els\u0151 szimul\u00e1toros er\u0151pr\u00f3b\u00e1j\u00e1n.<\/p>\n<p>-Sajnos az els\u0151 k\u00f6r\u00f6r\u00f6m nem \u00fagy siker\u00fclt, ahogy akartam volna, de szerintem a vigasz\u00e1gon k\u00e9pes leszek egy-k\u00e9t gy\u0151zelmet \u00f6sszehozni, ha meg nem, akkor elj\u00f6ttem tapasztalatot szerezni.&#8221;<\/p>\n<p>Haz\u00e1nkban az els\u0151 rep\u00fcl\u0151szimul\u00e1tor versenyt 2003-ban rendezt\u00e9k meg, akkor m\u00e9g sz\u00e1m\u00edt\u00f3g\u00e9pekkel \u00e9s joystickokkal harcoltak. K\u00e9s\u0151bb j\u00f6ttek a monitoros \u00e9s kivet\u00edt\u0151s verzi\u00f3k, ma pedig a legmodernebb szimul\u00e1torok ny\u00fajtj\u00e1k a val\u00f3s\u00e1gh\u0171 rep\u00fcl\u00e9s \u00e9s l\u00e9gi harc \u00e9lm\u00e9ny\u00e9t. A RepT\u00e1r  &#8211;   eszk\u00f6zparkj\u00e1t kihaszn\u00e1lva &#8211; bonyol\u00edtotta le els\u0151 e-sport rendezv\u00e9ny\u00e9t. <\/p>\n<p>-L\u00e9gi harcr\u00f3l van sz\u00f3, egy az egy elleni l\u00e9gi harcr\u00f3l. Egy ilyen 25 kilom\u00e9teres t\u00e1vols\u00e1gb\u00f3l indulunk egym\u00e1ssal szembe. Az els\u0151 szemberep\u00fcl\u00e9sig ott nem szabad l\u0151ni, ut\u00e1na mindenki pr\u00f3b\u00e1l \u00fagy mond a m\u00e1sik m\u00f6g\u00e9 ker\u00fclni, l\u0151 helyzetbe ker\u00fclni, lel\u0151ni a m\u00e1sikat.&#8221;-nyilatkozta Szatm\u00e1ri L\u00e1szl\u00f3, a kecskem\u00e9ti Puma sz\u00e1zad rajparancsnoka.<\/p>\n<p>Szab\u00e1lytalankod\u00e1s eset\u00e9n a versenyz\u0151ket kiz\u00e1rt\u00e1k. Erre akkor volt sz\u00fcks\u00e9g, mikor az els\u0151 szemberep\u00fcl\u00e9sn\u00e9l az egyik r\u00e1l\u0151tt az ellenf\u00e9lre vagy \u00e9ppen direkt \u00f6ssze is \u00fctk\u00f6z\u00f6tt vele. A verseny sz\u00fcnet\u00e9ben MiG-29 illetve Gripen pil\u00f3t\u00e1kkal is volt lehet\u0151s\u00e9g l\u00e9gi harcot v\u00edvni. Az els\u0151 szimul\u00e1tor versenynek lesz folytat\u00e1sa.<\/p>\n<div style=\"width: 640px;\" class=\"wp-video\"><!--[if lt IE 9]><script>document.createElement('video');<\/script><![endif]-->\n<video class=\"wp-video-shortcode\" id=\"video-8463-1\" width=\"640\" height=\"360\" preload=\"metadata\" controls=\"controls\"><source type=\"video\/mp4\" src=\"\/spots\/hir\/hir_180312_02.mp4?_=1\" \/><a href=\"\/spots\/hir\/hir_180312_02.mp4\">\/spots\/hir\/hir_180312_02.mp4<\/a><\/video><\/div>\n","protected":false},"excerpt":{"rendered":"<p>Fidel \u00c1kos, az MH86 Szolnok Helikopter B\u00e1zis sz\u00e1zadosa k\u00f6zvet\u00edtette a harcokat az els\u0151 Szimul\u00e1tor Bajnoks\u00e1gon. Az orsz\u00e1g sz\u00e1mos pontj\u00e1r\u00f3l \u00e9rkeztek b\u00edr\u00e1k, versenyz\u0151k \u00e9s n\u00e9z\u0151k egyar\u00e1nt. M\u00e9sz\u00e1ros Krist\u00f3f Tiszav\u00e1rkonyb\u00f3l j\u00f6tt, hogy megm\u00e9rettesse mag\u00e1t \u00e9lete els\u0151 szimul\u00e1toros er\u0151pr\u00f3b\u00e1j\u00e1n. -Sajnos az els\u0151 k\u00f6r\u00f6r\u00f6m nem \u00fagy siker\u00fclt, ahogy akartam volna, de szerintem a vigasz\u00e1gon k\u00e9pes leszek egy-k\u00e9t gy\u0151zelmet \u00f6sszehozni, [&hellip;]<\/p>\n","protected":false},"author":2,"featured_media":0,"comment_status":"closed","ping_status":"closed","sticky":false,"template":"","format":"standard","meta":[],"categories":[9],"tags":[],"_links":{"self":[{"href":"http:\/\/archiv.szolnoktv.hu\/index.php?rest_route=\/wp\/v2\/posts\/8463"}],"collection":[{"href":"http:\/\/archiv.szolnoktv.hu\/index.php?rest_route=\/wp\/v2\/posts"}],"about":[{"href":"http:\/\/archiv.szolnoktv.hu\/index.php?rest_route=\/wp\/v2\/types\/post"}],"author":[{"embeddable":true,"href":"http:\/\/archiv.szolnoktv.hu\/index.php?rest_route=\/wp\/v2\/users\/2"}],"replies":[{"embeddable":true,"href":"http:\/\/archiv.szolnoktv.hu\/index.php?rest_route=%2Fwp%2Fv2%2Fcomments&post=8463"}],"version-history":[{"count":1,"href":"http:\/\/archiv.szolnoktv.hu\/index.php?rest_route=\/wp\/v2\/posts\/8463\/revisions"}],"predecessor-version":[{"id":8490,"href":"http:\/\/archiv.szolnoktv.hu\/index.php?rest_route=\/wp\/v2\/posts\/8463\/revisions\/8490"}],"wp:attachment":[{"href":"http:\/\/archiv.szolnoktv.hu\/index.php?rest_route=%2Fwp%2Fv2%2Fmedia&parent=8463"}],"wp:term":[{"taxonomy":"category","embeddable":true,"href":"http:\/\/archiv.szolnoktv.hu\/index.php?rest_route=%2Fwp%2Fv2%2Fcategories&post=8463"},{"taxonomy":"post_tag","embeddable":true,"href":"http:\/\/archiv.szolnoktv.hu\/index.php?rest_route=%2Fwp%2Fv2%2Ftags&post=8463"}],"curies":[{"name":"wp","href":"https:\/\/api.w.org\/{rel}","templated":true}]}}