{"id":8462,"date":"2018-03-12T15:19:35","date_gmt":"2018-03-12T15:19:35","guid":{"rendered":"http:\/\/archiv.szolnoktv.hu\/?p=8462"},"modified":"2021-08-13T19:45:41","modified_gmt":"2021-08-13T19:45:41","slug":"vegleges-az-aprilis-8-i-szavazolap","status":"publish","type":"post","link":"http:\/\/archiv.szolnoktv.hu\/?p=8462","title":{"rendered":"V\u00e9gleges az \u00e1prilis 8-i szavaz\u00f3lap"},"content":{"rendered":"<div class='booster-block booster-read-block'><\/div><p>A szavaz\u00f3lap adattartalm\u00e1r\u00f3l d\u00f6nt\u00f6tt ma a v\u00e1laszt\u00e1si bizotts\u00e1g. Az imprim\u00e1ci\u00f3s folyamat m\u00e1r a m\u00falt h\u00e9ten elkezd\u0151d\u00f6tt. <\/p>\n<p>-Ez a lista tartalmazza azt, hogy t\u00e9nylegesen kik azok, akik az 1. sz. egy\u00e9ni v\u00e1laszt\u00f3ker\u00fcletben a bizotts\u00e1g nyilv\u00e1ntart\u00e1sba vett. A sorsol\u00e1s sor\u00e1n meg van a sorrend, hogy milyen sorrendben szerepelnek a szavaz\u00f3lapon.&#8221;  &#8211;   mondta Dr. R\u00e1cz Andrea, aljegyz\u0151 <\/p>\n<p>A ma elfogadott lista 23 nevet tartalmaz, annak ellen\u00e9re, hogy a bizotts\u00e1g 21 nyilv\u00e1ntart\u00e1sba v\u00e9telr\u0151l d\u00f6nt\u00f6tt, viszont dr. Hanga Val\u00e9ria, illetve Kar\u00e1m P\u00e1ln\u00e9 fellebbez\u00e9st ny\u00fajtott be a bizotts\u00e1gi hat\u00e1rozat ellen. Ezeket a fellebbez\u00e9seket a Nemzeti V\u00e1laszt\u00e1si Bizotts\u00e1g m\u00e1r elb\u00edr\u00e1lta, azonban Dr. Hanga Val\u00e9ri\u00e1nak ma 16 \u00f3r\u00e1ig volt, illetve Kar\u00e1m P\u00e1ln\u00e9nak holnap 16 \u00f3r\u00e1ig lesz lehet\u0151s\u00e9ge fel\u00fclvizsg\u00e1lati k\u00e9relem bead\u00e1s\u00e1ra, az NVB fellebbez\u00e9st elutas\u00edt\u00f3 d\u00f6nt\u00e9se ellen. <\/p>\n<p>-Olyan 60 centim\u00e9teres szavaz\u00f3lapnak tekinthet\u0151.&#8221;<\/p>\n<p>A szavaz\u00f3lap bal fels\u0151 sark\u00e1ban a pecs\u00e9t helye szerepel, ezt a v\u00e1laszt\u00e1sok napj\u00e1n a szavazatsz\u00e1ml\u00e1l\u00f3 bizotts\u00e1g tagjai pecs\u00e9telik majd le A jel\u00f6l\u0151szervezetek a kor\u00e1bban kisorolt sorrendben szerepelnek a szavaz\u00f3lapon. <\/p>\n<p>-Ezt k\u00f6vet\u0151en k\u00f6vetkezik a 23 n\u00e9vnek a felsorol\u00e1sa, ugyanolyan m\u00e9ret\u0171 rubrik\u00e1ba. Mindenkin\u00e9l a n\u00e9vvel kezd\u00fcnk, meg van a sorrend a szavaz\u00f3lapon. A nevet k\u00f6vet\u0151en van az a bizonyos k\u00f6r, amibe tollal \u00edrt egym\u00e1st metsz\u0151 k\u00e9t vonallal lehet majd a v\u00e1laszt\u00f3polg\u00e1rnak szavazni.&#8221;  &#8211;   mondta Dr. R\u00e1cz Andrea, aljegyz\u0151 <\/p>\n<p>A k\u00f6r mellett a jel\u00f6l\u0151szervezetek embl\u00e9m\u00e1i k\u00f6vetkeznek 20&#215;40 mm-es ter\u00fcleten. A szavaz\u00f3lapon nem minden p\u00e1rt embl\u00e9m\u00e1ja szerepel, ennek k\u00e9t oka lehet: vagy a szervezet nem k\u00e9rte az embl\u00e9ma megjelen\u00edt\u00e9s\u00e9t, vagy pedig nem adott le embl\u00e9m\u00e1t. A logo ut\u00e1n k\u00f6vetkezik a jel\u00f6l\u0151szervezet r\u00f6vid\u00edtett neve, v\u00e9g\u00fcl az utols\u00f3 r\u00e9szben a p\u00e1rt teljes neve. Emellett a szavaz\u00f3lap alj\u00e1n az is le van \u00edrva, hogy hogyan lehet \u00e9rv\u00e9nyesen szavazni. <\/p>\n<div style=\"width: 640px;\" class=\"wp-video\"><!--[if lt IE 9]><script>document.createElement('video');<\/script><![endif]-->\n<video class=\"wp-video-shortcode\" id=\"video-8462-1\" width=\"640\" height=\"360\" preload=\"metadata\" controls=\"controls\"><source type=\"video\/mp4\" src=\"\/spots\/hir\/hir_180312_01.mp4?_=1\" \/><a href=\"\/spots\/hir\/hir_180312_01.mp4\">\/spots\/hir\/hir_180312_01.mp4<\/a><\/video><\/div>\n","protected":false},"excerpt":{"rendered":"<p>A szavaz\u00f3lap adattartalm\u00e1r\u00f3l d\u00f6nt\u00f6tt ma a v\u00e1laszt\u00e1si bizotts\u00e1g. Az imprim\u00e1ci\u00f3s folyamat m\u00e1r a m\u00falt h\u00e9ten elkezd\u0151d\u00f6tt. -Ez a lista tartalmazza azt, hogy t\u00e9nylegesen kik azok, akik az 1. sz. egy\u00e9ni v\u00e1laszt\u00f3ker\u00fcletben a bizotts\u00e1g nyilv\u00e1ntart\u00e1sba vett. A sorsol\u00e1s sor\u00e1n meg van a sorrend, hogy milyen sorrendben szerepelnek a szavaz\u00f3lapon.&#8221; &#8211; mondta Dr. R\u00e1cz Andrea, aljegyz\u0151 A [&hellip;]<\/p>\n","protected":false},"author":2,"featured_media":0,"comment_status":"closed","ping_status":"closed","sticky":false,"template":"","format":"standard","meta":[],"categories":[9],"tags":[],"_links":{"self":[{"href":"http:\/\/archiv.szolnoktv.hu\/index.php?rest_route=\/wp\/v2\/posts\/8462"}],"collection":[{"href":"http:\/\/archiv.szolnoktv.hu\/index.php?rest_route=\/wp\/v2\/posts"}],"about":[{"href":"http:\/\/archiv.szolnoktv.hu\/index.php?rest_route=\/wp\/v2\/types\/post"}],"author":[{"embeddable":true,"href":"http:\/\/archiv.szolnoktv.hu\/index.php?rest_route=\/wp\/v2\/users\/2"}],"replies":[{"embeddable":true,"href":"http:\/\/archiv.szolnoktv.hu\/index.php?rest_route=%2Fwp%2Fv2%2Fcomments&post=8462"}],"version-history":[{"count":1,"href":"http:\/\/archiv.szolnoktv.hu\/index.php?rest_route=\/wp\/v2\/posts\/8462\/revisions"}],"predecessor-version":[{"id":8491,"href":"http:\/\/archiv.szolnoktv.hu\/index.php?rest_route=\/wp\/v2\/posts\/8462\/revisions\/8491"}],"wp:attachment":[{"href":"http:\/\/archiv.szolnoktv.hu\/index.php?rest_route=%2Fwp%2Fv2%2Fmedia&parent=8462"}],"wp:term":[{"taxonomy":"category","embeddable":true,"href":"http:\/\/archiv.szolnoktv.hu\/index.php?rest_route=%2Fwp%2Fv2%2Fcategories&post=8462"},{"taxonomy":"post_tag","embeddable":true,"href":"http:\/\/archiv.szolnoktv.hu\/index.php?rest_route=%2Fwp%2Fv2%2Ftags&post=8462"}],"curies":[{"name":"wp","href":"https:\/\/api.w.org\/{rel}","templated":true}]}}