{"id":8461,"date":"2018-03-09T18:11:34","date_gmt":"2018-03-09T18:11:34","guid":{"rendered":"http:\/\/archiv.szolnoktv.hu\/?p=8461"},"modified":"2021-08-13T19:45:41","modified_gmt":"2021-08-13T19:45:41","slug":"nyar-elejen-gordul-ki-az-elso-ic-kocsi-a-jarmujavitobol","status":"publish","type":"post","link":"http:\/\/archiv.szolnoktv.hu\/?p=8461","title":{"rendered":"Ny\u00e1r elej\u00e9n g\u00f6rd\u00fcl ki az els\u0151 IC+ kocsi a J\u00e1rm\u0171jav\u00edt\u00f3b\u00f3l"},"content":{"rendered":"<div class='booster-block booster-read-block'><\/div><p>53 ezer alkatr\u00e9szb\u0151l, \u00e1tlagosan 5500 munka\u00f3ra alatt k\u00e9sz\u00fcl el a M\u00c1V- START els\u0151 saj\u00e1t fejleszt\u00e9s\u0171 kocsija, m\u00e9ghozz\u00e1 Szolnokon. <\/p>\n<p>&#8220;Nyugodtan mondhatjuk azt, hogy Eur\u00f3p\u00e1ban egyed\u00fcl\u00e1ll\u00f3 az, hogy egy vas\u00fati szolg\u00e1ltat\u00f3 az \u00faj szem\u00e9lysz\u00e1ll\u00edt\u00f3 j\u00e1rm\u0171vek gy\u00e1rt\u00e1s\u00e1ba fog, ezt el is tudja v\u00e9gezni, meg tudja tervezni \u00e9s ennek a logisztik\u00e1j\u00e1t meg tudja szervezni.&#8221;- mondta Homolya R\u00f3bert k\u00f6zleked\u00e9spolitik\u00e1\u00e9rt felel\u0151s \u00e1llamtitk\u00e1r. <\/p>\n<p>Az \u00faj gener\u00e1ci\u00f3s Inter- City j\u00e1rm\u0171csal\u00e1d nemzetk\u00f6zi forgalomra alkalmas, m\u00e1r sorozatban gy\u00e1rtott els\u0151 darabj\u00e1t v\u00e1rhat\u00f3an ny\u00e1r elej\u00e9re fejezik be.<\/p>\n<p>&#8220;Most folyamatban van m\u00e1r 20 darab IC+ kocsinak a gy\u00e1rt\u00e1sa. Ezek 200 km\/h sebess\u00e9gre k\u00e9pesek \u00e9s mindenf\u00e9le eur\u00f3pai szabv\u00e1nynak \u00e9s min\u0151s\u00e9gi k\u00f6vetelm\u00e9nynek megfelelnek. \u00c9n is kipr\u00f3b\u00e1ltam ezeket a j\u00e1rm\u0171veket \u00e9s nyugodtan mondhatom azt, hogy Nyugat- eur\u00f3pai sz\u00ednvonal\u00fa kocsikat tud itt gy\u00e1rtani a Szolnoki J\u00e1rm\u0171jav\u00edt\u00f3 telep\u00e9n a M\u00c1V Csoport. Azt gondolom, hogy igaz\u00e1n b\u00fcszk\u00e9k lehet\u00fcnk arra, hogy saj\u00e1t gy\u00e1rt\u00e1sban, magyar emberek munk\u00e1ja \u00e1ltal egy ilyen fejleszt\u00e9st v\u00e9gre tudunk hajtani.&#8221;<\/p>\n<p>A modern v\u00e1rosok program keret\u00e9ben Szolnok vezet\u00e9se m\u00e1r els\u0151 pillanatt\u00f3l fogva strat\u00e9giai tartal\u00e9knak tekintette a vas\u00fati g\u00e9pgy\u00e1rt\u00e1sban rejl\u0151 lehet\u0151s\u00e9geket. Hangs\u00falyozta Szalay Ferenc polg\u00e1rmester.<\/p>\n<p>&#8220;Vez\u00e9rigazgat\u00f3 \u00farral el\u0151tte nem keveset egyeztetve abban maradtunk, hogy az intercity kocsi gy\u00e1rt\u00e1s lesz az egyik olyan meg\u00e1llapod\u00e1s amit a korm\u00e1nyzattal megk\u00f6t\u00fcnk az\u00e9rt, mert ugyan m\u00e9g nem tudtuk pontosan, hogy milyen forr\u00e1sokb\u00f3l lehet ezt a programot vinni \u00e9s \u00edgy a mi modern v\u00e1rosunk programunk egy elemi r\u00e9sze az volt, hogy a magyar vas\u00fati g\u00e9pj\u00e1rm\u0171 park fel\u00faj\u00edt\u00e1sa az intercityk vonatkoz\u00e1s\u00e1ban, az intercity kocsik gy\u00e1rt\u00e1s\u00e1ban, vonatkoz\u00e1s\u00e1ban itt Szolnokon t\u00f6rt\u00e9njen meg.&#8221;<\/p>\n<p>A M\u00c1V a vas\u00fati szem\u00e9lysz\u00e1ll\u00edt\u00e1st s\u00fajt\u00f3 k\u00fcls\u0151 t\u00e9nyez\u0151k ellen\u00e9re is belev\u00e1gott a fejleszt\u00e9sbe.<\/p>\n<p>&#8220;Annak ellen\u00e9re, hogy sajn\u00e1latos m\u00f3don a fels\u0151oktat\u00e1sban cs\u00f6kkent a gyermeksz\u00e1m- teh\u00e1t adott esetben az utaz\u00f3k- a foglalkoztat\u00e1s oldal\u00e1r\u00f3l viszont \u00e9s v\u00e9lhet\u0151en a kiv\u00e1l\u00f3 szolg\u00e1ltat\u00e1sok oldal\u00e1r\u00f3l viszont n\u0151tt \u00e9s alapvet\u0151en n\u0151tt az utassz\u00e1m egyr\u00e9szt, m\u00e1sr\u00e9szt pedig l\u00e1thatjuk azt, hogy mennyire k\u00e9nyelmes, min\u0151s\u00e9gi, sz\u00ednvonalas utaz\u00e1st tesz lehet\u0151v\u00e9 a M\u00c1V.&#8221;- mondta K\u00e1llai M\u00e1ria korm\u00e1nymegb\u00edzott<\/p>\n<p>A Szolnokon legy\u00e1rtott IC+ kocsikkal a M\u00c1V- START \u00faj szolg\u00e1ltat\u00e1si szintre l\u00e9p.<\/p>\n<p>&#8220;A sz\u00e1nd\u00e9kunk, a terv\u00fcnk az az, hogy 2019- t\u0151l a jelenlegi egy \u00f3r\u00e1s \u00fctem\u0171 Intercity k\u00f6zleked\u00e9sben minden m\u00e1sodik \u00f3r\u00e1ban emelt szolg\u00e1ltat\u00e1si szint\u0171 szerelv\u00e9nyt fogunk k\u00f6zlekedtetni. Ezek a szerelv\u00e9nyek ki fogj\u00e1k haszn\u00e1lni a 160 kilom\u00e9teres p\u00e1lya lehet\u0151s\u00e9geit, a jelenlegi IC forgalomt\u00f3l kevesebb helyen fognak meg\u00e1llni- ez\u00e1ltal m\u00e9g el\u0151ny\u00f6sebb menetid\u0151t fogunk tudni mutatni.&#8221; &#8211; hangs\u00falyozta Cs\u00e9pke Andr\u00e1s a M\u00c1V- START Zrt. vez\u00e9rigazgat\u00f3ja.<\/p>\n<p>A j\u00e1rm\u0171jav\u00edt\u00f3ban k\u00e9sz\u00fcl\u0151 IC+ kocsikb\u00f3l \u00f6ssze\u00e1ll\u00f3 szerelv\u00e9nyen lesz egyebek mellett csal\u00e1dbar\u00e1t r\u00e9sz babakocsi be\u00e1ll\u00f3val, ker\u00e9kp\u00e1rt\u00e1rol\u00f3 ahol f\u00fajtatni is lehet, pr\u00e9mium r\u00e9sz b\u00fcf\u00e9vel, \u00fczleti szekci\u00f3 \u00e9s \u00fan. &#8220;silent&#8221;- azaz csendes kabinok ahol mobil telefon sem zavarja a nyugalomra v\u00e1gy\u00f3kat. Egy- egy Szolnok legy\u00e1rtott kocsi \u00e9rt\u00e9ke k\u00f6r\u00fclbel\u00fcl 350- 380 milli\u00f3 forint, ami eur\u00f3pai viszonylatban versenyk\u00e9pes \u00e1r, hangzott el a bej\u00e1r\u00e1son.<br \/>\n<br \/>\n<div style=\"width: 640px;\" class=\"wp-video\"><!--[if lt IE 9]><script>document.createElement('video');<\/script><![endif]-->\n<video class=\"wp-video-shortcode\" id=\"video-8461-1\" width=\"640\" height=\"360\" preload=\"metadata\" controls=\"controls\"><source type=\"video\/mp4\" src=\"\/spots\/hir\/hir_180309_07.mp4?_=1\" \/><a href=\"\/spots\/hir\/hir_180309_07.mp4\">\/spots\/hir\/hir_180309_07.mp4<\/a><\/video><\/div><\/p>\n","protected":false},"excerpt":{"rendered":"<p>53 ezer alkatr\u00e9szb\u0151l, \u00e1tlagosan 5500 munka\u00f3ra alatt k\u00e9sz\u00fcl el a M\u00c1V- START els\u0151 saj\u00e1t fejleszt\u00e9s\u0171 kocsija, m\u00e9ghozz\u00e1 Szolnokon. &#8220;Nyugodtan mondhatjuk azt, hogy Eur\u00f3p\u00e1ban egyed\u00fcl\u00e1ll\u00f3 az, hogy egy vas\u00fati szolg\u00e1ltat\u00f3 az \u00faj szem\u00e9lysz\u00e1ll\u00edt\u00f3 j\u00e1rm\u0171vek gy\u00e1rt\u00e1s\u00e1ba fog, ezt el is tudja v\u00e9gezni, meg tudja tervezni \u00e9s ennek a logisztik\u00e1j\u00e1t meg tudja szervezni.&#8221;- mondta Homolya R\u00f3bert k\u00f6zleked\u00e9spolitik\u00e1\u00e9rt felel\u0151s [&hellip;]<\/p>\n","protected":false},"author":2,"featured_media":0,"comment_status":"closed","ping_status":"closed","sticky":false,"template":"","format":"standard","meta":[],"categories":[9],"tags":[],"_links":{"self":[{"href":"http:\/\/archiv.szolnoktv.hu\/index.php?rest_route=\/wp\/v2\/posts\/8461"}],"collection":[{"href":"http:\/\/archiv.szolnoktv.hu\/index.php?rest_route=\/wp\/v2\/posts"}],"about":[{"href":"http:\/\/archiv.szolnoktv.hu\/index.php?rest_route=\/wp\/v2\/types\/post"}],"author":[{"embeddable":true,"href":"http:\/\/archiv.szolnoktv.hu\/index.php?rest_route=\/wp\/v2\/users\/2"}],"replies":[{"embeddable":true,"href":"http:\/\/archiv.szolnoktv.hu\/index.php?rest_route=%2Fwp%2Fv2%2Fcomments&post=8461"}],"version-history":[{"count":1,"href":"http:\/\/archiv.szolnoktv.hu\/index.php?rest_route=\/wp\/v2\/posts\/8461\/revisions"}],"predecessor-version":[{"id":8492,"href":"http:\/\/archiv.szolnoktv.hu\/index.php?rest_route=\/wp\/v2\/posts\/8461\/revisions\/8492"}],"wp:attachment":[{"href":"http:\/\/archiv.szolnoktv.hu\/index.php?rest_route=%2Fwp%2Fv2%2Fmedia&parent=8461"}],"wp:term":[{"taxonomy":"category","embeddable":true,"href":"http:\/\/archiv.szolnoktv.hu\/index.php?rest_route=%2Fwp%2Fv2%2Fcategories&post=8461"},{"taxonomy":"post_tag","embeddable":true,"href":"http:\/\/archiv.szolnoktv.hu\/index.php?rest_route=%2Fwp%2Fv2%2Ftags&post=8461"}],"curies":[{"name":"wp","href":"https:\/\/api.w.org\/{rel}","templated":true}]}}