{"id":8458,"date":"2018-03-09T15:52:34","date_gmt":"2018-03-09T15:52:34","guid":{"rendered":"http:\/\/archiv.szolnoktv.hu\/?p=8458"},"modified":"2021-08-13T19:45:42","modified_gmt":"2021-08-13T19:45:42","slug":"nyugdijasok-egyesuletenek-kozgyulese","status":"publish","type":"post","link":"http:\/\/archiv.szolnoktv.hu\/?p=8458","title":{"rendered":"Nyugd\u00edjasok Egyes\u00fclet\u00e9nek k\u00f6zgy\u0171l\u00e9se"},"content":{"rendered":"<div class='booster-block booster-read-block'><\/div><p>Szalay Ferenc polg\u00e1rmester \u00e9s K\u00e1llai M\u00e1ria korm\u00e1nymegb\u00edzott is r\u00e9szt vett a Nyugd\u00edjasok \u00c9rdekv\u00e9delmi \u00e9s Kultur\u00e1lis Egyes\u00fclet\u00e9nek k\u00f6zgy\u0171l\u00e9s\u00e9n. A szervezet eln\u00f6ke: De\u00e1k J\u00e1nosn\u00e9 besz\u00e1molt a klubok k\u00f6zhaszn\u00fa tev\u00e9kenys\u00e9geir\u0151l \u00e9s ismertette a 2018-as \u00e9v programjait is. <\/p>\n<p>-A novemberi klubvezet\u0151i \u00e9rtekezleten megk\u00e9rdeztem, hogy mit szeretn\u00e9nek a k\u00f6vetkez\u0151 \u00e9vre \u00e9s ez \u00e9vben az orsz\u00e1gh\u00e1zba tesz\u00fcnk l\u00e1togat\u00e1st.&#8221;<\/p>\n<p>Nem csak a Parlamentet l\u00e1togatj\u00e1k meg, hanem kir\u00e1ndulnak a Hortob\u00e1gyra \u00e9s megl\u00e1togatj\u00e1k a k\u00f6rny\u00e9k nevezetess\u00e9geit is. Id\u00e9n is 21 klub m\u0171k\u00f6dik az egyes\u00fclet \u00e9gisze alatt \u00e9s a tagok sz\u00e1m\u00e1t tekintve sem t\u00f6rt\u00e9nt l\u00e9nyeges v\u00e1ltoz\u00e1s. Szalay Ferenc polg\u00e1rmester a k\u00f6zgy\u0171l\u00e9sen hangs\u00falyozta- a v\u00e1ros a tov\u00e1bbiakban is sz\u00e1m\u00edt a sz\u00e9pkor\u00faakra. T\u00e1mogatja a klubok m\u0171k\u00f6d\u00e9s\u00e9t, sz\u00e1mos f\u00f3rumon kik\u00e9ri v\u00e9lem\u00e9ny\u00fcket.<br \/>\n<br \/>\n<div style=\"width: 640px;\" class=\"wp-video\"><!--[if lt IE 9]><script>document.createElement('video');<\/script><![endif]-->\n<video class=\"wp-video-shortcode\" id=\"video-8458-1\" width=\"640\" height=\"360\" preload=\"metadata\" controls=\"controls\"><source type=\"video\/mp4\" src=\"\/spots\/hir\/hir_180309_03.mp4?_=1\" \/><a href=\"\/spots\/hir\/hir_180309_03.mp4\">\/spots\/hir\/hir_180309_03.mp4<\/a><\/video><\/div><\/p>\n","protected":false},"excerpt":{"rendered":"<p>Szalay Ferenc polg\u00e1rmester \u00e9s K\u00e1llai M\u00e1ria korm\u00e1nymegb\u00edzott is r\u00e9szt vett a Nyugd\u00edjasok \u00c9rdekv\u00e9delmi \u00e9s Kultur\u00e1lis Egyes\u00fclet\u00e9nek k\u00f6zgy\u0171l\u00e9s\u00e9n. A szervezet eln\u00f6ke: De\u00e1k J\u00e1nosn\u00e9 besz\u00e1molt a klubok k\u00f6zhaszn\u00fa tev\u00e9kenys\u00e9geir\u0151l \u00e9s ismertette a 2018-as \u00e9v programjait is. -A novemberi klubvezet\u0151i \u00e9rtekezleten megk\u00e9rdeztem, hogy mit szeretn\u00e9nek a k\u00f6vetkez\u0151 \u00e9vre \u00e9s ez \u00e9vben az orsz\u00e1gh\u00e1zba tesz\u00fcnk l\u00e1togat\u00e1st.&#8221; Nem csak a [&hellip;]<\/p>\n","protected":false},"author":2,"featured_media":0,"comment_status":"closed","ping_status":"closed","sticky":false,"template":"","format":"standard","meta":[],"categories":[9],"tags":[],"_links":{"self":[{"href":"http:\/\/archiv.szolnoktv.hu\/index.php?rest_route=\/wp\/v2\/posts\/8458"}],"collection":[{"href":"http:\/\/archiv.szolnoktv.hu\/index.php?rest_route=\/wp\/v2\/posts"}],"about":[{"href":"http:\/\/archiv.szolnoktv.hu\/index.php?rest_route=\/wp\/v2\/types\/post"}],"author":[{"embeddable":true,"href":"http:\/\/archiv.szolnoktv.hu\/index.php?rest_route=\/wp\/v2\/users\/2"}],"replies":[{"embeddable":true,"href":"http:\/\/archiv.szolnoktv.hu\/index.php?rest_route=%2Fwp%2Fv2%2Fcomments&post=8458"}],"version-history":[{"count":1,"href":"http:\/\/archiv.szolnoktv.hu\/index.php?rest_route=\/wp\/v2\/posts\/8458\/revisions"}],"predecessor-version":[{"id":8495,"href":"http:\/\/archiv.szolnoktv.hu\/index.php?rest_route=\/wp\/v2\/posts\/8458\/revisions\/8495"}],"wp:attachment":[{"href":"http:\/\/archiv.szolnoktv.hu\/index.php?rest_route=%2Fwp%2Fv2%2Fmedia&parent=8458"}],"wp:term":[{"taxonomy":"category","embeddable":true,"href":"http:\/\/archiv.szolnoktv.hu\/index.php?rest_route=%2Fwp%2Fv2%2Fcategories&post=8458"},{"taxonomy":"post_tag","embeddable":true,"href":"http:\/\/archiv.szolnoktv.hu\/index.php?rest_route=%2Fwp%2Fv2%2Ftags&post=8458"}],"curies":[{"name":"wp","href":"https:\/\/api.w.org\/{rel}","templated":true}]}}