{"id":8457,"date":"2018-03-09T14:44:33","date_gmt":"2018-03-09T14:44:33","guid":{"rendered":"http:\/\/archiv.szolnoktv.hu\/?p=8457"},"modified":"2021-08-13T19:45:42","modified_gmt":"2021-08-13T19:45:42","slug":"ani-askits-aktfoto-kiallitasa","status":"publish","type":"post","link":"http:\/\/archiv.szolnoktv.hu\/?p=8457","title":{"rendered":"Ani Askits aktfot\u00f3 ki\u00e1ll\u00edt\u00e1sa"},"content":{"rendered":"<div class='booster-block booster-read-block'><\/div><p>El\u0151sz\u00f6r ny\u00edlt ki\u00e1ll\u00edt\u00e1s fot\u00f3s munk\u00e1ib\u00f3l a Szoboszlai Gal\u00e9ri\u00e1ban. A t\u00e1rlat anyaga- fogalmazott a ki\u00e1ll\u00edt\u00f3hely tulajdonosa- &#8220;megtal\u00e1lta a gal\u00e9ri\u00e1t&#8221;- \u00edgy adta mag\u00e1t a bemutatkoz\u00e1s t\u00e9nye.<\/p>\n<p>-4 \u00e9ve lehetett, amikor belibbent a gal\u00e9ri\u00e1ba egy csinos, fiatal n\u0151, m\u00e9teres t\u0171sarkakon. Besz\u00e9lgetni kezdt\u00fcnk \u00e9s kider\u00fclt hamar, hogy messze t\u00f6bb az ember, mint a l\u00e1tszat. Olyan hobbija van, ami akkoriban kezdett \u00e9ppen hivat\u00e1ss\u00e1 nemes\u00fclni.&#8221;<\/p>\n<p> A tegnapi megnyit\u00f3n a gal\u00e9ria tulajdonosa Szoboszlai Zsolt a m\u0171v\u00e9sszel: Kiss Anit\u00e1val t\u00f6rt\u00e9n\u0151 els\u0151 tal\u00e1lkoz\u00e1s\u00e1r\u00f3l besz\u00e9lt. A fotogr\u00e1fus \u00e9let\u00e9nek szerves r\u00e9sz\u00e9t k\u00e9pzi m\u00e1r gyermekkor\u00e1t\u00f3l a zene \u00e9s a m\u0171v\u00e9szetek. Fot\u00f3s p\u00e1ly\u00e1ja kezdet\u00e9n bar\u00e1tokat, ismer\u0151s\u00f6ket fot\u00f3zott, akik id\u0151r\u0151l id\u0151re, egyre kevesebb ruh\u00e1t viseltek. Legfrissebb munk\u00e1i -melyek igen provokat\u00edvak, m\u00e9gis \u00edzl\u00e9sesek- a Szoboszlai-Gal\u00e9ri\u00e1ban tekinthet\u0151ek meg \u00e1prilis 7-ig.<br \/>\n<br \/>\n<div style=\"width: 640px;\" class=\"wp-video\"><!--[if lt IE 9]><script>document.createElement('video');<\/script><![endif]-->\n<video class=\"wp-video-shortcode\" id=\"video-8457-1\" width=\"640\" height=\"360\" preload=\"metadata\" controls=\"controls\"><source type=\"video\/mp4\" src=\"\/spots\/hir\/hir_180309_05.mp4?_=1\" \/><a href=\"\/spots\/hir\/hir_180309_05.mp4\">\/spots\/hir\/hir_180309_05.mp4<\/a><\/video><\/div><\/p>\n","protected":false},"excerpt":{"rendered":"<p>El\u0151sz\u00f6r ny\u00edlt ki\u00e1ll\u00edt\u00e1s fot\u00f3s munk\u00e1ib\u00f3l a Szoboszlai Gal\u00e9ri\u00e1ban. A t\u00e1rlat anyaga- fogalmazott a ki\u00e1ll\u00edt\u00f3hely tulajdonosa- &#8220;megtal\u00e1lta a gal\u00e9ri\u00e1t&#8221;- \u00edgy adta mag\u00e1t a bemutatkoz\u00e1s t\u00e9nye. -4 \u00e9ve lehetett, amikor belibbent a gal\u00e9ri\u00e1ba egy csinos, fiatal n\u0151, m\u00e9teres t\u0171sarkakon. Besz\u00e9lgetni kezdt\u00fcnk \u00e9s kider\u00fclt hamar, hogy messze t\u00f6bb az ember, mint a l\u00e1tszat. Olyan hobbija van, ami akkoriban [&hellip;]<\/p>\n","protected":false},"author":2,"featured_media":0,"comment_status":"closed","ping_status":"closed","sticky":false,"template":"","format":"standard","meta":[],"categories":[9],"tags":[],"_links":{"self":[{"href":"http:\/\/archiv.szolnoktv.hu\/index.php?rest_route=\/wp\/v2\/posts\/8457"}],"collection":[{"href":"http:\/\/archiv.szolnoktv.hu\/index.php?rest_route=\/wp\/v2\/posts"}],"about":[{"href":"http:\/\/archiv.szolnoktv.hu\/index.php?rest_route=\/wp\/v2\/types\/post"}],"author":[{"embeddable":true,"href":"http:\/\/archiv.szolnoktv.hu\/index.php?rest_route=\/wp\/v2\/users\/2"}],"replies":[{"embeddable":true,"href":"http:\/\/archiv.szolnoktv.hu\/index.php?rest_route=%2Fwp%2Fv2%2Fcomments&post=8457"}],"version-history":[{"count":1,"href":"http:\/\/archiv.szolnoktv.hu\/index.php?rest_route=\/wp\/v2\/posts\/8457\/revisions"}],"predecessor-version":[{"id":8496,"href":"http:\/\/archiv.szolnoktv.hu\/index.php?rest_route=\/wp\/v2\/posts\/8457\/revisions\/8496"}],"wp:attachment":[{"href":"http:\/\/archiv.szolnoktv.hu\/index.php?rest_route=%2Fwp%2Fv2%2Fmedia&parent=8457"}],"wp:term":[{"taxonomy":"category","embeddable":true,"href":"http:\/\/archiv.szolnoktv.hu\/index.php?rest_route=%2Fwp%2Fv2%2Fcategories&post=8457"},{"taxonomy":"post_tag","embeddable":true,"href":"http:\/\/archiv.szolnoktv.hu\/index.php?rest_route=%2Fwp%2Fv2%2Ftags&post=8457"}],"curies":[{"name":"wp","href":"https:\/\/api.w.org\/{rel}","templated":true}]}}