{"id":8456,"date":"2018-03-09T14:37:51","date_gmt":"2018-03-09T14:37:51","guid":{"rendered":"http:\/\/archiv.szolnoktv.hu\/?p=8456"},"modified":"2021-08-13T19:45:42","modified_gmt":"2021-08-13T19:45:42","slug":"adomany-atadas-a-gyermekosztaly-reszere","status":"publish","type":"post","link":"http:\/\/archiv.szolnoktv.hu\/?p=8456","title":{"rendered":"Adom\u00e1ny \u00e1tad\u00e1s a gyermekoszt\u00e1ly r\u00e9sz\u00e9re<br>"},"content":{"rendered":"<div class='booster-block booster-read-block'><\/div><p>Nem csak p\u00e9nzzel, j\u00e1t\u00e9kkal is gazdagodott a Het\u00e9nyi G\u00e9za K\u00f3rh\u00e1z Csecsem\u0151-\u00e9s Gyermekoszt\u00e1lya ma d\u00e9lel\u0151tt. A RISZI szerdai j\u00f3t\u00e9konys\u00e1gi divatbemutat\u00f3j\u00e1n 145 ezer forintot gy\u0171jt\u00f6ttek \u00f6ssze a r\u00e9szvev\u0151k. <\/p>\n<p>-Mindig van aktu\u00e1lisan, \u00e9s amikor egyet letudunk, akkor j\u00f6n a k\u00f6vetkez\u0151 \u00e9s mire \u00f6sszej\u00f6n az \u00e1ra, addigra m\u00e1r amit haszn\u00e1lunk, az m\u00e1r gyakorlatilag m\u00fazeumba kell, hogy ker\u00fclj\u00f6n. Most a leg\u00fajabb egy ultrahang berendez\u00e9s lesz, amit megc\u00e9loztunk.&#8221;- felelte Dr. Retkes Tam\u00e1s a Het\u00e9nyi G\u00e9za K\u00f3rh\u00e1z Csecsem\u0151-\u00e9s Gyermekoszt\u00e1ly\u00e1nak oszt\u00e1lyvezet\u0151je.<\/p>\n<p>A j\u00f3t\u00e9konys\u00e1gon \u00f6sszegy\u0171jt\u00f6tt p\u00e9nzt ennek a g\u00e9pnek a megv\u00e1s\u00e1rl\u00e1s\u00e1ra fogja ford\u00edtani a k\u00f3rh\u00e1z. Jelenleg 45 gyermek fekszik az oszt\u00e1lyon.<\/p>\n<p>-Jelen k\u00f6r\u00fclm\u00e9nyek k\u00f6z\u00f6tt most az influenza szezon van, illetve a hurutos id\u0151szakot \u00e9lj\u00fck, \u00edgy a megf\u00e1z\u00e1s \u00e9s azoknak a s\u00falyosabb form\u00e1i, a torokgyullad\u00e1s, a h\u00f6rg\u0151gyullad\u00e1s \u00e9s h\u00e1t a legs\u00falyosabbak a t\u00fcd\u0151gyullad\u00e1s. Ezekre kell odafigyelni.&#8221;- felelte Dr. Retkes Tam\u00e1s a Het\u00e9nyi G\u00e9za K\u00f3rh\u00e1z Csecsem\u0151-\u00e9s Gyermekoszt\u00e1ly\u00e1nak oszt\u00e1lyvezet\u0151je.<\/p>\n<p>A RISZI a j\u00f6v\u0151ben is szeretn\u00e9 t\u00e1mogatni a gyerekeket, rem\u00e9lik, hogy a megrendezett esem\u00e9ny majd hagyom\u00e1nny\u00e1 n\u00f6vi ki mag\u00e1t, \u00e9s p\u00e9ldak\u00e9nt fog szolg\u00e1lni a mai fiatalok sz\u00e1m\u00e1ra.<br \/>\n<br \/>\n<div style=\"width: 640px;\" class=\"wp-video\"><!--[if lt IE 9]><script>document.createElement('video');<\/script><![endif]-->\n<video class=\"wp-video-shortcode\" id=\"video-8456-1\" width=\"640\" height=\"360\" preload=\"metadata\" controls=\"controls\"><source type=\"video\/mp4\" src=\"\/spots\/hir\/hir_180309_02.mp4?_=1\" \/><a href=\"\/spots\/hir\/hir_180309_02.mp4\">\/spots\/hir\/hir_180309_02.mp4<\/a><\/video><\/div><\/p>\n","protected":false},"excerpt":{"rendered":"<p>Nem csak p\u00e9nzzel, j\u00e1t\u00e9kkal is gazdagodott a Het\u00e9nyi G\u00e9za K\u00f3rh\u00e1z Csecsem\u0151-\u00e9s Gyermekoszt\u00e1lya ma d\u00e9lel\u0151tt. A RISZI szerdai j\u00f3t\u00e9konys\u00e1gi divatbemutat\u00f3j\u00e1n 145 ezer forintot gy\u0171jt\u00f6ttek \u00f6ssze a r\u00e9szvev\u0151k. -Mindig van aktu\u00e1lisan, \u00e9s amikor egyet letudunk, akkor j\u00f6n a k\u00f6vetkez\u0151 \u00e9s mire \u00f6sszej\u00f6n az \u00e1ra, addigra m\u00e1r amit haszn\u00e1lunk, az m\u00e1r gyakorlatilag m\u00fazeumba kell, hogy ker\u00fclj\u00f6n. Most a [&hellip;]<\/p>\n","protected":false},"author":2,"featured_media":0,"comment_status":"closed","ping_status":"closed","sticky":false,"template":"","format":"standard","meta":[],"categories":[9],"tags":[],"_links":{"self":[{"href":"http:\/\/archiv.szolnoktv.hu\/index.php?rest_route=\/wp\/v2\/posts\/8456"}],"collection":[{"href":"http:\/\/archiv.szolnoktv.hu\/index.php?rest_route=\/wp\/v2\/posts"}],"about":[{"href":"http:\/\/archiv.szolnoktv.hu\/index.php?rest_route=\/wp\/v2\/types\/post"}],"author":[{"embeddable":true,"href":"http:\/\/archiv.szolnoktv.hu\/index.php?rest_route=\/wp\/v2\/users\/2"}],"replies":[{"embeddable":true,"href":"http:\/\/archiv.szolnoktv.hu\/index.php?rest_route=%2Fwp%2Fv2%2Fcomments&post=8456"}],"version-history":[{"count":1,"href":"http:\/\/archiv.szolnoktv.hu\/index.php?rest_route=\/wp\/v2\/posts\/8456\/revisions"}],"predecessor-version":[{"id":8497,"href":"http:\/\/archiv.szolnoktv.hu\/index.php?rest_route=\/wp\/v2\/posts\/8456\/revisions\/8497"}],"wp:attachment":[{"href":"http:\/\/archiv.szolnoktv.hu\/index.php?rest_route=%2Fwp%2Fv2%2Fmedia&parent=8456"}],"wp:term":[{"taxonomy":"category","embeddable":true,"href":"http:\/\/archiv.szolnoktv.hu\/index.php?rest_route=%2Fwp%2Fv2%2Fcategories&post=8456"},{"taxonomy":"post_tag","embeddable":true,"href":"http:\/\/archiv.szolnoktv.hu\/index.php?rest_route=%2Fwp%2Fv2%2Ftags&post=8456"}],"curies":[{"name":"wp","href":"https:\/\/api.w.org\/{rel}","templated":true}]}}