{"id":8455,"date":"2018-03-09T14:35:18","date_gmt":"2018-03-09T14:35:18","guid":{"rendered":"http:\/\/archiv.szolnoktv.hu\/?p=8455"},"modified":"2021-08-13T19:45:42","modified_gmt":"2021-08-13T19:45:42","slug":"mszp-sajtotajekoztato-8","status":"publish","type":"post","link":"http:\/\/archiv.szolnoktv.hu\/?p=8455","title":{"rendered":"MSZP sajt\u00f3t\u00e1j\u00e9koztat\u00f3"},"content":{"rendered":"<div class='booster-block booster-read-block'><\/div><p>Hatalmas b\u0171nt k\u00f6vetett el az, aki nem ind\u00edtotta el 2015-ben az \u00faj, belv\u00e1rosi h\u00edd \u00e9p\u00edt\u00e9si projektj\u00e9t Szolnokon  &#8211;   mondta az MSZP orsz\u00e1ggy\u0171l\u00e9si k\u00e9pvisel\u0151jel\u00f6ltje. Gy\u00f6rfi Mih\u00e1ly mai sajt\u00f3t\u00e1j\u00e9koztat\u00f3j\u00e1n \u00fagy fogalmazott: m\u00e1r \u00e9vek \u00f3ta el kellett volna kezdeni az \u00faj, Cs\u00e1klya \u00fati h\u00edd meg\u00e9p\u00edt\u00e9s\u00e9t. <\/p>\n<p>-Ez nem t\u00f6rt\u00e9nt meg, ez\u00e9rt korm\u00e1nyv\u00e1lt\u00e1s ut\u00e1n, az MSZP-P\u00e1rbesz\u00e9d vezette baloldali korm\u00e1ny els\u0151 dolga az, hogy 2019-t\u0151l  &#8211;  az el\u0151ttem l\u00e9v\u0151 tanulm\u00e1nyok szerint 4 \u00e9v alatt meg\u00e9p\u00edthet\u0151- 2022-re \u00faj szolnoki belv\u00e1rosi hidat fog \u00e9p\u00edteni a baloldali korm\u00e1ny.&#8221;  &#8211;   mondta Gy\u00f6rfi Mih\u00e1ly<\/p>\n<p>A tervek szerint a 25 milli\u00e1rd forintb\u00f3l fel\u00e9p\u00edthet\u0151 h\u00edd mellett a Szandasz\u0151l\u0151st elker\u00fcl\u0151, 442-s \u00fat meg\u00e9p\u00edt\u00e9s\u00e9t is elind\u00edtj\u00e1k. Gy\u00f6rfi Mih\u00e1ly azt mondta: Erre az\u00e9rt van sz\u00fcks\u00e9g, mert a forgalom jelent\u0151s, \u00e9s a balesetvesz\u00e9ly mellett eg\u00e9szs\u00e9g\u00fcgyi kock\u00e1zatokat is rejt. A politikus emellett az M4-es aut\u00f3p\u00e1lya meg\u00e9p\u00edt\u00e9s\u00e9nek fontoss\u00e1g\u00e1t is hangs\u00falyozta.<\/p>\n<p> -T\u00f6bb, mint 66 milli\u00e1rd forint \u00e9rt\u00e9kben rohad m\u00e1r h\u00e1rom \u00e9ve, pont 2015. \u00e1prilis 8-\u00e1n \u00e1ll\u00edtotta le a Korm\u00e1ny az M4-es \u00e9p\u00edt\u00e9s\u00e9t. Mi ezt befejezz\u00fck. Rendk\u00edv\u00fcl fontosnak tartom, hogy egy\u00fattal Besenysz\u00f6g, K\u0151telek, Nagyk\u00f6r\u00fc, Csatasz\u00f6g \u00e9s Hunyadfalv\u00e1t \u00fajra bekapcsoljuk Szolnok gazdas\u00e1gi v\u00e9rkering\u00e9s\u00e9be. Minden oda vezet\u0151 utat fel\u00faj\u00edtunk.&#8221;  &#8211;   h\u00fazta al\u00e1 a jel\u00f6lt<\/p>\n<p>Emellett a Gy\u00f6rfi Mih\u00e1ly arra is \u00edg\u00e9retet tett, hogy a szandasz\u0151l\u0151si Szab\u00f3 L\u0151rinc \u00fat fel\u00faj\u00edt\u00e1sa mellett az \u00f6sszes szolnoki f\u00f6ld\u00fat szil\u00e1rd \u00fatburkolatot kap a 2022-es korm\u00e1nyzati ciklus v\u00e9g\u00e9ig.<br \/>\n<br \/>\n<div style=\"width: 640px;\" class=\"wp-video\"><!--[if lt IE 9]><script>document.createElement('video');<\/script><![endif]-->\n<video class=\"wp-video-shortcode\" id=\"video-8455-1\" width=\"640\" height=\"360\" preload=\"metadata\" controls=\"controls\"><source type=\"video\/mp4\" src=\"\/spots\/hir\/hir_180309_01.mp4?_=1\" \/><a href=\"\/spots\/hir\/hir_180309_01.mp4\">\/spots\/hir\/hir_180309_01.mp4<\/a><\/video><\/div><\/p>\n","protected":false},"excerpt":{"rendered":"<p>Hatalmas b\u0171nt k\u00f6vetett el az, aki nem ind\u00edtotta el 2015-ben az \u00faj, belv\u00e1rosi h\u00edd \u00e9p\u00edt\u00e9si projektj\u00e9t Szolnokon &#8211; mondta az MSZP orsz\u00e1ggy\u0171l\u00e9si k\u00e9pvisel\u0151jel\u00f6ltje. Gy\u00f6rfi Mih\u00e1ly mai sajt\u00f3t\u00e1j\u00e9koztat\u00f3j\u00e1n \u00fagy fogalmazott: m\u00e1r \u00e9vek \u00f3ta el kellett volna kezdeni az \u00faj, Cs\u00e1klya \u00fati h\u00edd meg\u00e9p\u00edt\u00e9s\u00e9t. -Ez nem t\u00f6rt\u00e9nt meg, ez\u00e9rt korm\u00e1nyv\u00e1lt\u00e1s ut\u00e1n, az MSZP-P\u00e1rbesz\u00e9d vezette baloldali korm\u00e1ny els\u0151 [&hellip;]<\/p>\n","protected":false},"author":2,"featured_media":0,"comment_status":"closed","ping_status":"closed","sticky":false,"template":"","format":"standard","meta":[],"categories":[9],"tags":[],"_links":{"self":[{"href":"http:\/\/archiv.szolnoktv.hu\/index.php?rest_route=\/wp\/v2\/posts\/8455"}],"collection":[{"href":"http:\/\/archiv.szolnoktv.hu\/index.php?rest_route=\/wp\/v2\/posts"}],"about":[{"href":"http:\/\/archiv.szolnoktv.hu\/index.php?rest_route=\/wp\/v2\/types\/post"}],"author":[{"embeddable":true,"href":"http:\/\/archiv.szolnoktv.hu\/index.php?rest_route=\/wp\/v2\/users\/2"}],"replies":[{"embeddable":true,"href":"http:\/\/archiv.szolnoktv.hu\/index.php?rest_route=%2Fwp%2Fv2%2Fcomments&post=8455"}],"version-history":[{"count":1,"href":"http:\/\/archiv.szolnoktv.hu\/index.php?rest_route=\/wp\/v2\/posts\/8455\/revisions"}],"predecessor-version":[{"id":8498,"href":"http:\/\/archiv.szolnoktv.hu\/index.php?rest_route=\/wp\/v2\/posts\/8455\/revisions\/8498"}],"wp:attachment":[{"href":"http:\/\/archiv.szolnoktv.hu\/index.php?rest_route=%2Fwp%2Fv2%2Fmedia&parent=8455"}],"wp:term":[{"taxonomy":"category","embeddable":true,"href":"http:\/\/archiv.szolnoktv.hu\/index.php?rest_route=%2Fwp%2Fv2%2Fcategories&post=8455"},{"taxonomy":"post_tag","embeddable":true,"href":"http:\/\/archiv.szolnoktv.hu\/index.php?rest_route=%2Fwp%2Fv2%2Ftags&post=8455"}],"curies":[{"name":"wp","href":"https:\/\/api.w.org\/{rel}","templated":true}]}}