{"id":8454,"date":"2018-03-08T17:52:39","date_gmt":"2018-03-08T17:52:39","guid":{"rendered":"http:\/\/archiv.szolnoktv.hu\/?p=8454"},"modified":"2021-08-13T19:45:43","modified_gmt":"2021-08-13T19:45:43","slug":"mergezik-a-kutyakat-a-szechenyin","status":"publish","type":"post","link":"http:\/\/archiv.szolnoktv.hu\/?p=8454","title":{"rendered":"M\u00e9rgezik a kuty\u00e1kat a Sz\u00e9chenyin"},"content":{"rendered":"<div class='booster-block booster-read-block'><\/div><p>K\u00f6r\u00fclbel\u00fcl egy h\u00e9ttel ezel\u0151tt a Hild Viktor \u00fat \u00e9s az okm\u00e1nyiroda k\u00f6z\u00f6tti f\u00fcves ter\u00fcleten tal\u00e1ltak v\u00e9lhet\u0151en m\u00e9rgezett \u00e9tel darabokat.<\/p>\n<p>-A m\u00e1sik oldalon, a t\u00f6mb m\u00f6g\u00f6tti r\u00e9szen, ott viszont a kutyus, aki megbetegedett t\u0151le, ott viszont -h\u00e1t, azt mondta a h\u00f6lgy- ilyen csirke far-h\u00e1tszer\u0171 darabok voltak ott.&#8221; -mutatta Bodon Hajnalka, aki a Facebookon is felh\u00edv\u00e1st tett k\u00f6zz\u00e9.<\/p>\n<p> A m\u00e9rgez\u00e9sre \u00fagy der\u00fclt f\u00e9ny, hogy 2 \u00e1llat is megbetegedett a h\u00fast\u00f3l. Az egyik eb m\u00e9g id\u0151ben inf\u00fazi\u00f3s kezel\u00e9st kapott, a m\u00e1sik kutya viszont nem \u00e9lte t\u00fal. Nagy Donatella a m\u0171f\u00fcves focip\u00e1lya melletti r\u00e9szen s\u00e9t\u00e1ltatja \u00e1ltal\u00e1ban kedvenc\u00e9t  &#8211;   \u0151 is hallott a m\u00e9rgezett h\u00fasdarabokr\u00f3l.<\/p>\n<p>-H\u00e1tul a h\u00e1zt\u00f6mb\u00f6kn\u00e9l vannak, az\u00e9rt is nem viszem arra a kuty\u00e1t, m\u00e1r csak itt h\u00e1tul engedj\u00fck el.&#8221;<\/p>\n<p>Az esettel kapcsolatban egy hivat\u00e1sos kutyakik\u00e9pz\u0151t: Kr\u00f6pfl Erzs\u00e9betet is megkerest\u00fcnk, n\u00e1la els\u0151sorban a megel\u0151z\u00e9sr\u0151l \u00e9rdekl\u0151dt\u00fcnk.<\/p>\n<p>-Kutyasulikban lehet\u0151s\u00e9g van arra, hogy megpr\u00f3b\u00e1ljuk ezeket megtan\u00edtani, teh\u00e1t az \u00e9lelem megtagad\u00e1sra, hogy csak a gazd\u00e1t\u00f3l fogadjanak el, f\u00f6ldr\u0151l ne egyenek f\u00f6l kaj\u00e1t. De mivel ez egy id\u0151ig\u00e9nyesebb munka, ez\u00e9rt most hirtelen, mindenk\u00e9ppen visszat\u00e9rn\u00e9k, hogy a sz\u00e1jkos\u00e1r.&#8221;<\/p>\n<p>Kifejezetten azokra a kuty\u00e1kra aj\u00e1nlatos sz\u00e1jkosarat tenni, akik  &#8211;   ahogy a szakember fogalmazott &#8211; nagyon \u00e9lelem motiv\u00e1ltak. A m\u00e9rgezett h\u00fasdarabokat hab\u00e1r a gazdik \u00f6sszeszedt\u00e9k \u00e9s elt\u00e1vol\u00edtott\u00e1k a k\u00e9rd\u00e9ses ter\u00fcletekr\u0151l, azok bevizsg\u00e1ltat\u00e1sa nem t\u00f6rt\u00e9nt meg, mert az t\u00f6bb sz\u00e1zezer forintos k\u00f6lts\u00e9ggel j\u00e1rna.<br \/>\n<br \/>\n<div style=\"width: 640px;\" class=\"wp-video\"><!--[if lt IE 9]><script>document.createElement('video');<\/script><![endif]-->\n<video class=\"wp-video-shortcode\" id=\"video-8454-1\" width=\"640\" height=\"360\" preload=\"metadata\" controls=\"controls\"><source type=\"video\/mp4\" src=\"\/spots\/hir\/hir_180308_08.mp4?_=1\" \/><a href=\"\/spots\/hir\/hir_180308_08.mp4\">\/spots\/hir\/hir_180308_08.mp4<\/a><\/video><\/div><\/p>\n","protected":false},"excerpt":{"rendered":"<p>K\u00f6r\u00fclbel\u00fcl egy h\u00e9ttel ezel\u0151tt a Hild Viktor \u00fat \u00e9s az okm\u00e1nyiroda k\u00f6z\u00f6tti f\u00fcves ter\u00fcleten tal\u00e1ltak v\u00e9lhet\u0151en m\u00e9rgezett \u00e9tel darabokat. -A m\u00e1sik oldalon, a t\u00f6mb m\u00f6g\u00f6tti r\u00e9szen, ott viszont a kutyus, aki megbetegedett t\u0151le, ott viszont -h\u00e1t, azt mondta a h\u00f6lgy- ilyen csirke far-h\u00e1tszer\u0171 darabok voltak ott.&#8221; -mutatta Bodon Hajnalka, aki a Facebookon is felh\u00edv\u00e1st tett [&hellip;]<\/p>\n","protected":false},"author":2,"featured_media":0,"comment_status":"closed","ping_status":"closed","sticky":false,"template":"","format":"standard","meta":[],"categories":[9],"tags":[],"_links":{"self":[{"href":"http:\/\/archiv.szolnoktv.hu\/index.php?rest_route=\/wp\/v2\/posts\/8454"}],"collection":[{"href":"http:\/\/archiv.szolnoktv.hu\/index.php?rest_route=\/wp\/v2\/posts"}],"about":[{"href":"http:\/\/archiv.szolnoktv.hu\/index.php?rest_route=\/wp\/v2\/types\/post"}],"author":[{"embeddable":true,"href":"http:\/\/archiv.szolnoktv.hu\/index.php?rest_route=\/wp\/v2\/users\/2"}],"replies":[{"embeddable":true,"href":"http:\/\/archiv.szolnoktv.hu\/index.php?rest_route=%2Fwp%2Fv2%2Fcomments&post=8454"}],"version-history":[{"count":1,"href":"http:\/\/archiv.szolnoktv.hu\/index.php?rest_route=\/wp\/v2\/posts\/8454\/revisions"}],"predecessor-version":[{"id":8499,"href":"http:\/\/archiv.szolnoktv.hu\/index.php?rest_route=\/wp\/v2\/posts\/8454\/revisions\/8499"}],"wp:attachment":[{"href":"http:\/\/archiv.szolnoktv.hu\/index.php?rest_route=%2Fwp%2Fv2%2Fmedia&parent=8454"}],"wp:term":[{"taxonomy":"category","embeddable":true,"href":"http:\/\/archiv.szolnoktv.hu\/index.php?rest_route=%2Fwp%2Fv2%2Fcategories&post=8454"},{"taxonomy":"post_tag","embeddable":true,"href":"http:\/\/archiv.szolnoktv.hu\/index.php?rest_route=%2Fwp%2Fv2%2Ftags&post=8454"}],"curies":[{"name":"wp","href":"https:\/\/api.w.org\/{rel}","templated":true}]}}