{"id":8453,"date":"2018-03-08T17:50:43","date_gmt":"2018-03-08T17:50:43","guid":{"rendered":"http:\/\/archiv.szolnoktv.hu\/?p=8453"},"modified":"2021-08-13T19:45:43","modified_gmt":"2021-08-13T19:45:43","slug":"rekord-evet-zart-a-hazai-idegenforgalom","status":"publish","type":"post","link":"http:\/\/archiv.szolnoktv.hu\/?p=8453","title":{"rendered":"Rekord \u00e9vet z\u00e1rt a hazai idegenforgalom"},"content":{"rendered":"<div class='booster-block booster-read-block'><\/div><p>Magyarorsz\u00e1g nemzeti \u00f6sszterm\u00e9k\u00e9nek csaknem 11%- \u00e1t adja az idegenforgalmi tev\u00e9kenys\u00e9gb\u0151l sz\u00e1rmaz\u00f3 bev\u00e9tel. E- mellett fontos megeml\u00edteni azt is, hogy csaknem 400 ezer embernek ad meg\u00e9lhet\u00e9st a turizmus. Szolnok v\u00e1rosa- b\u00e1r ma m\u00e9g nem tartozik a legnpszer\u0171bb c\u00e9lpontok k\u00f6z\u00e9- jelent\u0151s m\u00e9rt\u00e9kben jav\u00edtott poz\u00edci\u00f3j\u00e1n, emelte ki Szalay Ferenc polg\u00e1rmester.<\/p>\n<p>&#8220;A v\u00e1rosban a vend\u00e9g\u00e9jszak\u00e1k sz\u00e1ma jelent\u0151sen n\u0151tt. T\u00f6bb mint nyolcvan ezer most m\u00e1r a vend\u00e9g\u00e9jszak\u00e1k sz\u00e1ma Szolnokon. A Szolnokra \u00e9rkez\u0151 vend\u00e9gek sz\u00e1ma is vagy 30%- kal n\u0151tt az elm\u00falt n\u00e9h\u00e1ny \u00e9v t\u00e1vlat\u00e1ban. Igenis ezek a fejleszt\u00e9sek tudj\u00e1k azt hozni, hogy az a t\u00f6bb sz\u00e1z milli\u00f3 forintos bev\u00e9tel ami m\u00e1r eddig is megjelenik Szolnok v\u00e1ros\u00e1ban az idegenforgalom- turizmus kapcs\u00e1n m\u00e9g magasabb\u00e1 v\u00e1lhat.&#8221;<\/p>\n<p>A megyesz\u00e9khely es\u00e9lyei tov\u00e1bb javulnak a m\u0171v\u00e9sztelepet-, a V\u00e9s\u0151 \u00fati Sporttelepet-, a Tiszaligeti F\u00fcrd\u0151t-, valamint a leend\u0151 v\u00edzit\u00fara kik\u00f6t\u0151t  \u00e9rint\u0151 nagyszab\u00e1s\u00fa fejleszt\u00e9sekkel. Szolnok \u00edgy v\u00e1rhat\u00f3an m\u00e9g fokozottabban j\u00e1rul majd hozz\u00e1 az orsz\u00e1gos teljes\u00edtm\u00e9nyhez. Hangs\u00falyozta Dr. Guller Zolt\u00e1n a Magyar Turisztikai \u00dcgyn\u00f6ks\u00e9g vez\u00e9rigazgat\u00f3ja.<\/p>\n<p>&#8220;2017- ben a magyar turizmus t\u00f6rt\u00e9net\u00e9nek legjobb \u00e9v\u00e9t k\u00f6nyvelhette el. A kereskedelmi sz\u00e1ll\u00e1shelyekre Magyarorsz\u00e1gon 12 milli\u00f3 vend\u00e9get regisztr\u00e1ltak- belf\u00f6ldi \u00e9s k\u00fclf\u00f6ldi vend\u00e9get egy\u00fcttesen akik egy\u00fctt k\u00f6zel 30 milli\u00f3 vend\u00e9g\u00e9jszak\u00e1t t\u00f6lt\u00f6ttek el Magyarorsz\u00e1gon. Ez t\u00f6rt\u00e9nelmi jelent\u0151s\u00e9g\u0171 eredm\u00e9ny. 2010- hez k\u00e9pest 51%- os n\u00f6veked\u00e9st l\u00e1ttunk mind a vend\u00e9gek-, mind a vend\u00e9g\u00e9jszak\u00e1k sz\u00e1m\u00e1t tekintve.&#8221;<\/p>\n<p>A Magyar Turisztikai \u00dcgyn\u00f6ks\u00e9g vez\u00e9rigazgat\u00f3ja hozz\u00e1tette- kimutat\u00e1saik szerint JNSZ Megy\u00e9ben tavaly 215 ezer vend\u00e9g fordult meg. Els\u0151sorban belf\u00f6ldi turist\u00e1k \u00e9rkeztek, de nagyon sok volt a lengyel, a n\u00e9met, a rom\u00e1n \u00e9s a holland vend\u00e9g is. A fejleszt\u00e9si forr\u00e1sok hat\u00e9konyabb kiakn\u00e1z\u00e1sa \u00e9rdek\u00e9ben a j\u00f6v\u0151ben a pontszer\u0171 beavatkoz\u00e1sok helyett turisztikai desztin\u00e1ci\u00f3kban gondolkodnak. T\u00e9rs\u00e9g\u00fcnkben a Tisza- t\u00f3hoz csatlakoz\u00f3 telep\u00fcl\u00e9sek az els\u0151k, melyek \u00e9lvezhetik ennek \u00fcdv\u00f6s hat\u00e1sait.<br \/>\n<br \/>\n<div style=\"width: 640px;\" class=\"wp-video\"><!--[if lt IE 9]><script>document.createElement('video');<\/script><![endif]-->\n<video class=\"wp-video-shortcode\" id=\"video-8453-1\" width=\"640\" height=\"360\" preload=\"metadata\" controls=\"controls\"><source type=\"video\/mp4\" src=\"\/spots\/hir\/hir_180308_07.mp4?_=1\" \/><a href=\"\/spots\/hir\/hir_180308_07.mp4\">\/spots\/hir\/hir_180308_07.mp4<\/a><\/video><\/div><\/p>\n","protected":false},"excerpt":{"rendered":"<p>Magyarorsz\u00e1g nemzeti \u00f6sszterm\u00e9k\u00e9nek csaknem 11%- \u00e1t adja az idegenforgalmi tev\u00e9kenys\u00e9gb\u0151l sz\u00e1rmaz\u00f3 bev\u00e9tel. E- mellett fontos megeml\u00edteni azt is, hogy csaknem 400 ezer embernek ad meg\u00e9lhet\u00e9st a turizmus. Szolnok v\u00e1rosa- b\u00e1r ma m\u00e9g nem tartozik a legnpszer\u0171bb c\u00e9lpontok k\u00f6z\u00e9- jelent\u0151s m\u00e9rt\u00e9kben jav\u00edtott poz\u00edci\u00f3j\u00e1n, emelte ki Szalay Ferenc polg\u00e1rmester. &#8220;A v\u00e1rosban a vend\u00e9g\u00e9jszak\u00e1k sz\u00e1ma jelent\u0151sen n\u0151tt. T\u00f6bb [&hellip;]<\/p>\n","protected":false},"author":2,"featured_media":0,"comment_status":"closed","ping_status":"closed","sticky":false,"template":"","format":"standard","meta":[],"categories":[9],"tags":[],"_links":{"self":[{"href":"http:\/\/archiv.szolnoktv.hu\/index.php?rest_route=\/wp\/v2\/posts\/8453"}],"collection":[{"href":"http:\/\/archiv.szolnoktv.hu\/index.php?rest_route=\/wp\/v2\/posts"}],"about":[{"href":"http:\/\/archiv.szolnoktv.hu\/index.php?rest_route=\/wp\/v2\/types\/post"}],"author":[{"embeddable":true,"href":"http:\/\/archiv.szolnoktv.hu\/index.php?rest_route=\/wp\/v2\/users\/2"}],"replies":[{"embeddable":true,"href":"http:\/\/archiv.szolnoktv.hu\/index.php?rest_route=%2Fwp%2Fv2%2Fcomments&post=8453"}],"version-history":[{"count":1,"href":"http:\/\/archiv.szolnoktv.hu\/index.php?rest_route=\/wp\/v2\/posts\/8453\/revisions"}],"predecessor-version":[{"id":8500,"href":"http:\/\/archiv.szolnoktv.hu\/index.php?rest_route=\/wp\/v2\/posts\/8453\/revisions\/8500"}],"wp:attachment":[{"href":"http:\/\/archiv.szolnoktv.hu\/index.php?rest_route=%2Fwp%2Fv2%2Fmedia&parent=8453"}],"wp:term":[{"taxonomy":"category","embeddable":true,"href":"http:\/\/archiv.szolnoktv.hu\/index.php?rest_route=%2Fwp%2Fv2%2Fcategories&post=8453"},{"taxonomy":"post_tag","embeddable":true,"href":"http:\/\/archiv.szolnoktv.hu\/index.php?rest_route=%2Fwp%2Fv2%2Ftags&post=8453"}],"curies":[{"name":"wp","href":"https:\/\/api.w.org\/{rel}","templated":true}]}}