{"id":8452,"date":"2018-03-08T16:54:22","date_gmt":"2018-03-08T16:54:22","guid":{"rendered":"http:\/\/archiv.szolnoktv.hu\/?p=8452"},"modified":"2021-08-13T19:45:43","modified_gmt":"2021-08-13T19:45:43","slug":"nonapi-forgalom-ellenorzes","status":"publish","type":"post","link":"http:\/\/archiv.szolnoktv.hu\/?p=8452","title":{"rendered":"N\u0151napi forgalom ellen\u0151rz\u00e9s"},"content":{"rendered":"<div class='booster-block booster-read-block'><\/div><p>Nem mindennapi m\u00f3don ellen\u0151rizt\u00e9k a fogalmat d\u00e9lut\u00e1n a szolnoki rend\u0151r\u00f6k a Sz\u00e9ch\u00e9nyi Lak\u00f3telep bej\u00e1rat\u00e1n\u00e1l. A rutinellen\u0151rz\u00e9s sor\u00e1n alkoholszond\u00e1t kellett f\u00fajni, \u00e1m mint kider\u00fclt ez legink\u00e1bb csak \u00fcr\u00fcgy volt. A h\u00f6lgyeket vir\u00e1ggal aj\u00e1nd\u00e9kozz\u00e1k meg a nemzetk\u00f6zi n\u0151nap alkalm\u00e1b\u00f3l. A meglepet\u00e9s \u00e9s az ellen\u0151rz\u00e9s ma egy id\u0151ben t\u00f6rt\u00e9nt.<\/p>\n<p>-Ennek az a c\u00e9lja, hogy felh\u00edvjuk a j\u00e1rm\u0171vezet\u0151ket a szab\u00e1lyos k\u00f6zleked\u00e9sre, a k\u00f6zleked\u00e9si szab\u00e1lyok marad\u00e9ktalan betart\u00e1s\u00e1ra, ezen bel\u00fcl pedig a passz\u00edv biztons\u00e1gi berendez\u00e9sek \u00e9letment\u0151 funkci\u00f3j\u00e1ra.&#8221; &#8211; mondta Szab\u00f3 Ferenc Szolnoki Rend\u0151rkapit\u00e1nys\u00e1g K\u00f6zleked\u00e9srend\u00e9szeti Forgalom Aloszt\u00e1j\u00e1nak rend\u0151rsz\u00e1zadosa.<\/p>\n<p>N\u0151nap ide- vagy oda, ha valaki mulasztott- ma is felelnie kellett \u00e9rte. \u00c9rdemes \u00e9szben tartani, hogy a rend\u0151rs\u00e9g nem csak a jeles napokon \u00e1ll\u00edtja meg a k\u00f6zleked\u0151ket.<\/p>\n<div style=\"width: 640px;\" class=\"wp-video\"><!--[if lt IE 9]><script>document.createElement('video');<\/script><![endif]-->\n<video class=\"wp-video-shortcode\" id=\"video-8452-1\" width=\"640\" height=\"360\" preload=\"metadata\" controls=\"controls\"><source type=\"video\/mp4\" src=\"\/spots\/hir\/hir_180308_06.mp4?_=1\" \/><a href=\"\/spots\/hir\/hir_180308_06.mp4\">\/spots\/hir\/hir_180308_06.mp4<\/a><\/video><\/div>\n","protected":false},"excerpt":{"rendered":"<p>Nem mindennapi m\u00f3don ellen\u0151rizt\u00e9k a fogalmat d\u00e9lut\u00e1n a szolnoki rend\u0151r\u00f6k a Sz\u00e9ch\u00e9nyi Lak\u00f3telep bej\u00e1rat\u00e1n\u00e1l. A rutinellen\u0151rz\u00e9s sor\u00e1n alkoholszond\u00e1t kellett f\u00fajni, \u00e1m mint kider\u00fclt ez legink\u00e1bb csak \u00fcr\u00fcgy volt. A h\u00f6lgyeket vir\u00e1ggal aj\u00e1nd\u00e9kozz\u00e1k meg a nemzetk\u00f6zi n\u0151nap alkalm\u00e1b\u00f3l. A meglepet\u00e9s \u00e9s az ellen\u0151rz\u00e9s ma egy id\u0151ben t\u00f6rt\u00e9nt. -Ennek az a c\u00e9lja, hogy felh\u00edvjuk a j\u00e1rm\u0171vezet\u0151ket a [&hellip;]<\/p>\n","protected":false},"author":2,"featured_media":0,"comment_status":"closed","ping_status":"closed","sticky":false,"template":"","format":"standard","meta":[],"categories":[9],"tags":[],"_links":{"self":[{"href":"http:\/\/archiv.szolnoktv.hu\/index.php?rest_route=\/wp\/v2\/posts\/8452"}],"collection":[{"href":"http:\/\/archiv.szolnoktv.hu\/index.php?rest_route=\/wp\/v2\/posts"}],"about":[{"href":"http:\/\/archiv.szolnoktv.hu\/index.php?rest_route=\/wp\/v2\/types\/post"}],"author":[{"embeddable":true,"href":"http:\/\/archiv.szolnoktv.hu\/index.php?rest_route=\/wp\/v2\/users\/2"}],"replies":[{"embeddable":true,"href":"http:\/\/archiv.szolnoktv.hu\/index.php?rest_route=%2Fwp%2Fv2%2Fcomments&post=8452"}],"version-history":[{"count":1,"href":"http:\/\/archiv.szolnoktv.hu\/index.php?rest_route=\/wp\/v2\/posts\/8452\/revisions"}],"predecessor-version":[{"id":8501,"href":"http:\/\/archiv.szolnoktv.hu\/index.php?rest_route=\/wp\/v2\/posts\/8452\/revisions\/8501"}],"wp:attachment":[{"href":"http:\/\/archiv.szolnoktv.hu\/index.php?rest_route=%2Fwp%2Fv2%2Fmedia&parent=8452"}],"wp:term":[{"taxonomy":"category","embeddable":true,"href":"http:\/\/archiv.szolnoktv.hu\/index.php?rest_route=%2Fwp%2Fv2%2Fcategories&post=8452"},{"taxonomy":"post_tag","embeddable":true,"href":"http:\/\/archiv.szolnoktv.hu\/index.php?rest_route=%2Fwp%2Fv2%2Ftags&post=8452"}],"curies":[{"name":"wp","href":"https:\/\/api.w.org\/{rel}","templated":true}]}}