{"id":8451,"date":"2018-03-08T16:50:36","date_gmt":"2018-03-08T16:50:36","guid":{"rendered":"http:\/\/archiv.szolnoktv.hu\/?p=8451"},"modified":"2021-08-13T19:45:43","modified_gmt":"2021-08-13T19:45:43","slug":"jotekonysagi-divatbemutatot-rendezett-a-riszi","status":"publish","type":"post","link":"http:\/\/archiv.szolnoktv.hu\/?p=8451","title":{"rendered":"J\u00f3t\u00e9konys\u00e1gi divatbemutat\u00f3t rendezett a RISZI"},"content":{"rendered":"<div class='booster-block booster-read-block'><\/div><p>N\u00e9pt\u00e1nc \u00e9s n\u00e9pviseleti bemutat\u00f3 , r\u00e9gi \u00e9s mai korok divatj\u00e1ra jellemz\u0151 ruh\u00e1k l\u00e1tv\u00e1nya sz\u00f3rakoztatta a k\u00f6z\u00f6ns\u00e9get szerd\u00e1n este a v\u00e1rosh\u00e1z\u00e1n. A k\u00fcl\u00f6nleges j\u00f3t\u00e9konys\u00e1gi esem\u00e9ny \u00f6tletgazd\u00e1ja a  Szolnoki Szolg\u00e1ltat\u00e1si Szakk\u00e9pz\u0151 Centrum Ruhaipari iskol\u00e1ja, a RISZI nemcsak mostani, hanem egykori di\u00e1kjainak munk\u00e1it is felvonultatta. Az est bev\u00e9tel\u00e9vel pedig a megyei k\u00f3rh\u00e1z gyermekoszt\u00e1ly\u00e1nak alap\u00edtv\u00e1ny\u00e1t k\u00edv\u00e1nj\u00e1k seg\u00edteni. <\/p>\n<p>Simon Gyula tagint\u00e9zm\u00e9ny-vezet\u0151 Szolnoki Szolg\u00e1ltat\u00e1si SZC Ruhaipari K\u00f6z\u00e9piskol\u00e1ja, \u00c1ltal\u00e1nos Iskol\u00e1ja \u00e9s Koll\u00e9giuma : <br \/>-&#8220;A szakk\u00e9pz\u00e9si centrumokban az eg\u00e9szs\u00e9g\u00fcgy is egy olyan \u00e1gazat, ami kiemelten fontos szerepet kap, ez\u00e9rt els\u0151k\u00e9nt gondoltunk arra, hogy a Het\u00e9nyi G\u00e9za K\u00f3rh\u00e1z, a gyermekeink eg\u00e9szs\u00e9g\u00e9\u00e9rt Alap\u00edtv\u00e1ny sz\u00e1m\u00e1ra rendezz\u00fcnk itt egy adom\u00e1nygy\u0171jt\u00e9st.  B\u00edzunk benne, hogy az adom\u00e1ny, b\u00e1rmennyi is j\u00f6n \u00f6ssze tud valamit seg\u00edteni az Alap\u00edtv\u00e1nynak. &#8220;<\/p>\n<p>Antonin\u00e9 Bokodi Edit mestervizsg\u00e1s n\u0151i szab\u00f3, Debreczeni Ildik\u00f3 a sz\u00ednh\u00e1zi \u00e9s filmes \u00f6lt\u00f6zetek \u00e9rt\u0151je \u00e9s k\u00e9sz\u00edt\u0151je,valamint  Bord\u00e1s \u00c1gi st\u00edlustervez\u0151 is felvonultatta ruh\u00e1it a kifut\u00f3v\u00e1 alakult d\u00edszteremben. <br \/>De fell\u00e9ptek a K\u0151r\u00f6si Iskola balett n\u00f6vend\u00e9kei is, akiknek sz\u00ednpadi jelmezeit szint\u00e9n a RISZI-s di\u00e1kok varrt\u00e1k. A Tisza t\u00e1ncegy\u00fcttes m\u0171sora mellett viseletbemutat\u00f3t is rendeztek. A sz\u00ednpadi megjelen\u00e9s sz\u00ednvonal\u00e1t garant\u00e1l\u00f3 ruh\u00e1kat Simonn\u00e9 Antal Melinda \u00e9s T\u00f3th Mih\u00e1ly k\u00e9sz\u00edtette. <br \/>Az est esk\u00fcv\u0151i ruhabemutat\u00f3val z\u00e1rult. <br \/>A j\u00f3t\u00e9konys\u00e1gi divatbemutat\u00f3 teljes bev\u00e9tel\u00e9t p\u00e9nteken adj\u00e1k \u00e1t a megyei k\u00f3rh\u00e1z gyermekoszt\u00e1ly\u00e1nak. <\/p>\n<div style=\"width: 640px;\" class=\"wp-video\"><!--[if lt IE 9]><script>document.createElement('video');<\/script><![endif]-->\n<video class=\"wp-video-shortcode\" id=\"video-8451-1\" width=\"640\" height=\"360\" preload=\"metadata\" controls=\"controls\"><source type=\"video\/mp4\" src=\"\/spots\/hir\/hir_180308_04.mp4?_=1\" \/><a href=\"\/spots\/hir\/hir_180308_04.mp4\">\/spots\/hir\/hir_180308_04.mp4<\/a><\/video><\/div>\n","protected":false},"excerpt":{"rendered":"<p>N\u00e9pt\u00e1nc \u00e9s n\u00e9pviseleti bemutat\u00f3 , r\u00e9gi \u00e9s mai korok divatj\u00e1ra jellemz\u0151 ruh\u00e1k l\u00e1tv\u00e1nya sz\u00f3rakoztatta a k\u00f6z\u00f6ns\u00e9get szerd\u00e1n este a v\u00e1rosh\u00e1z\u00e1n. A k\u00fcl\u00f6nleges j\u00f3t\u00e9konys\u00e1gi esem\u00e9ny \u00f6tletgazd\u00e1ja a Szolnoki Szolg\u00e1ltat\u00e1si Szakk\u00e9pz\u0151 Centrum Ruhaipari iskol\u00e1ja, a RISZI nemcsak mostani, hanem egykori di\u00e1kjainak munk\u00e1it is felvonultatta. Az est bev\u00e9tel\u00e9vel pedig a megyei k\u00f3rh\u00e1z gyermekoszt\u00e1ly\u00e1nak alap\u00edtv\u00e1ny\u00e1t k\u00edv\u00e1nj\u00e1k seg\u00edteni. Simon Gyula [&hellip;]<\/p>\n","protected":false},"author":2,"featured_media":0,"comment_status":"closed","ping_status":"closed","sticky":false,"template":"","format":"standard","meta":[],"categories":[9],"tags":[],"_links":{"self":[{"href":"http:\/\/archiv.szolnoktv.hu\/index.php?rest_route=\/wp\/v2\/posts\/8451"}],"collection":[{"href":"http:\/\/archiv.szolnoktv.hu\/index.php?rest_route=\/wp\/v2\/posts"}],"about":[{"href":"http:\/\/archiv.szolnoktv.hu\/index.php?rest_route=\/wp\/v2\/types\/post"}],"author":[{"embeddable":true,"href":"http:\/\/archiv.szolnoktv.hu\/index.php?rest_route=\/wp\/v2\/users\/2"}],"replies":[{"embeddable":true,"href":"http:\/\/archiv.szolnoktv.hu\/index.php?rest_route=%2Fwp%2Fv2%2Fcomments&post=8451"}],"version-history":[{"count":1,"href":"http:\/\/archiv.szolnoktv.hu\/index.php?rest_route=\/wp\/v2\/posts\/8451\/revisions"}],"predecessor-version":[{"id":8502,"href":"http:\/\/archiv.szolnoktv.hu\/index.php?rest_route=\/wp\/v2\/posts\/8451\/revisions\/8502"}],"wp:attachment":[{"href":"http:\/\/archiv.szolnoktv.hu\/index.php?rest_route=%2Fwp%2Fv2%2Fmedia&parent=8451"}],"wp:term":[{"taxonomy":"category","embeddable":true,"href":"http:\/\/archiv.szolnoktv.hu\/index.php?rest_route=%2Fwp%2Fv2%2Fcategories&post=8451"},{"taxonomy":"post_tag","embeddable":true,"href":"http:\/\/archiv.szolnoktv.hu\/index.php?rest_route=%2Fwp%2Fv2%2Ftags&post=8451"}],"curies":[{"name":"wp","href":"https:\/\/api.w.org\/{rel}","templated":true}]}}