{"id":8450,"date":"2018-03-08T16:44:36","date_gmt":"2018-03-08T16:44:36","guid":{"rendered":"http:\/\/archiv.szolnoktv.hu\/?p=8450"},"modified":"2021-08-13T19:45:44","modified_gmt":"2021-08-13T19:45:44","slug":"7-eve-szolnokon-az-orszagos-vasuttorteneti-es-vasutmodell-kiallitas","status":"publish","type":"post","link":"http:\/\/archiv.szolnoktv.hu\/?p=8450","title":{"rendered":"7.\u00e9ve Szolnokon az Orsz\u00e1gos Vas\u00fatt\u00f6rt\u00e9neti \u00e9s Vas\u00fatmodell Ki\u00e1ll\u00edt\u00e1s"},"content":{"rendered":"<div class='booster-block booster-read-block'><\/div><p>Rendhagy\u00f3 m\u00f3don indult az imm\u00e1r hetedik alkalommal megrendez\u00e9sre ker\u00fcl\u0151 Szolnoki Orsz\u00e1gos Vas\u00fatt\u00f6rt\u00e9neti \u00e9s Vas\u00fatmodell Ki\u00e1ll\u00edt\u00e1st sajt\u00f3t\u00e1j\u00e9koztat\u00f3ja. N\u0151nap alkalm\u00e1b\u00f3l sz\u00ednes tulip\u00e1nokkal aj\u00e1nd\u00e9kozt\u00e1k meg az esem\u00e9ny h\u00f6lgy r\u00e9szvev\u0151it, majd a k\u00fcl\u00f6nleges gesztus ut\u00e1n a vonatokra terel\u0151d\u00f6tt a sz\u00f3.<\/p>\n<p>-\u00dajra elmondhatom, hogy ben\u00e9pes\u00fcl a h\u00e1z terepasztalokkal. Mintegy 15 terepasztal fog fel\u00e9p\u00fclni, eg\u00e9szen picit\u0151l a legnagyobb H0-\u00e1s terepasztalig, amir\u0151l lehet, hogy azt is mondhatn\u00e1m nagyk\u00e9p\u0171en, hogy nem is csak Magyarorsz\u00e1g, de K\u00f6z\u00e9p-Eur\u00f3pa legnagyobb H0-\u00e1s terepasztala.&#8221; &#8211; mondta P\u00e1link\u00e1s Csaba az Aba-Nov\u00e1k Ag\u00f3ra Kultur\u00e1lis K\u00f6zpont kultur\u00e1lis szervez\u0151je.<\/p>\n<p>K\u00e9t \u00e9p\u00fclet, k\u00e9t emelet, t\u00f6bb mint 2000 m2 ad helyet az interakt\u00edv vas\u00fatmodelleknek, melyeket Magyarorsz\u00e1g jelent\u0151s ki\u00e1ll\u00edt\u00f3i mutatnak be az Ag\u00f3r\u00e1ban. A j\u00f3l megszokott darabok mellett id\u00e9n \u00fajdons\u00e1gokkal is k\u00e9sz\u00fclnek, t\u00f6bbek k\u00f6z\u00f6tt fel\u00e9p\u00edtik a Nyugati P\u00e1lyaudvart Lego-makett form\u00e1j\u00e1ban. Valamint egy tabl\u00f3ki\u00e1ll\u00edt\u00e1snak is helyet ad a rendezv\u00e9ny, a M\u00c1V 150 \u00e9ves jubileuma alkalm\u00e1b\u00f3l.<\/p>\n<p>-Err\u0151l hozunk ide 32 tabl\u00f3b\u00f3l \u00e1ll\u00f3 sorozatot, ami v\u00e9gig bemutatja azokat a j\u00e1rm\u0171t\u00edpusokat, ami<br \/>\n<br \/>\n<div style=\"width: 640px;\" class=\"wp-video\"><!--[if lt IE 9]><script>document.createElement('video');<\/script><![endif]-->\n<video class=\"wp-video-shortcode\" id=\"video-8450-1\" width=\"640\" height=\"360\" preload=\"metadata\" controls=\"controls\"><source type=\"video\/mp4\" src=\"\/spots\/hir\/hir_180308_05.mp4?_=1\" \/><a href=\"\/spots\/hir\/hir_180308_05.mp4\">\/spots\/hir\/hir_180308_05.mp4<\/a><\/video><\/div><\/p>\n","protected":false},"excerpt":{"rendered":"<p>Rendhagy\u00f3 m\u00f3don indult az imm\u00e1r hetedik alkalommal megrendez\u00e9sre ker\u00fcl\u0151 Szolnoki Orsz\u00e1gos Vas\u00fatt\u00f6rt\u00e9neti \u00e9s Vas\u00fatmodell Ki\u00e1ll\u00edt\u00e1st sajt\u00f3t\u00e1j\u00e9koztat\u00f3ja. N\u0151nap alkalm\u00e1b\u00f3l sz\u00ednes tulip\u00e1nokkal aj\u00e1nd\u00e9kozt\u00e1k meg az esem\u00e9ny h\u00f6lgy r\u00e9szvev\u0151it, majd a k\u00fcl\u00f6nleges gesztus ut\u00e1n a vonatokra terel\u0151d\u00f6tt a sz\u00f3. -\u00dajra elmondhatom, hogy ben\u00e9pes\u00fcl a h\u00e1z terepasztalokkal. Mintegy 15 terepasztal fog fel\u00e9p\u00fclni, eg\u00e9szen picit\u0151l a legnagyobb H0-\u00e1s terepasztalig, amir\u0151l [&hellip;]<\/p>\n","protected":false},"author":2,"featured_media":0,"comment_status":"closed","ping_status":"closed","sticky":false,"template":"","format":"standard","meta":[],"categories":[9],"tags":[],"_links":{"self":[{"href":"http:\/\/archiv.szolnoktv.hu\/index.php?rest_route=\/wp\/v2\/posts\/8450"}],"collection":[{"href":"http:\/\/archiv.szolnoktv.hu\/index.php?rest_route=\/wp\/v2\/posts"}],"about":[{"href":"http:\/\/archiv.szolnoktv.hu\/index.php?rest_route=\/wp\/v2\/types\/post"}],"author":[{"embeddable":true,"href":"http:\/\/archiv.szolnoktv.hu\/index.php?rest_route=\/wp\/v2\/users\/2"}],"replies":[{"embeddable":true,"href":"http:\/\/archiv.szolnoktv.hu\/index.php?rest_route=%2Fwp%2Fv2%2Fcomments&post=8450"}],"version-history":[{"count":1,"href":"http:\/\/archiv.szolnoktv.hu\/index.php?rest_route=\/wp\/v2\/posts\/8450\/revisions"}],"predecessor-version":[{"id":8503,"href":"http:\/\/archiv.szolnoktv.hu\/index.php?rest_route=\/wp\/v2\/posts\/8450\/revisions\/8503"}],"wp:attachment":[{"href":"http:\/\/archiv.szolnoktv.hu\/index.php?rest_route=%2Fwp%2Fv2%2Fmedia&parent=8450"}],"wp:term":[{"taxonomy":"category","embeddable":true,"href":"http:\/\/archiv.szolnoktv.hu\/index.php?rest_route=%2Fwp%2Fv2%2Fcategories&post=8450"},{"taxonomy":"post_tag","embeddable":true,"href":"http:\/\/archiv.szolnoktv.hu\/index.php?rest_route=%2Fwp%2Fv2%2Ftags&post=8450"}],"curies":[{"name":"wp","href":"https:\/\/api.w.org\/{rel}","templated":true}]}}