{"id":8449,"date":"2018-03-08T16:39:58","date_gmt":"2018-03-08T16:39:58","guid":{"rendered":"http:\/\/archiv.szolnoktv.hu\/?p=8449"},"modified":"2021-08-13T19:45:44","modified_gmt":"2021-08-13T19:45:44","slug":"munkaspart-sajtotajekoztato-4","status":"publish","type":"post","link":"http:\/\/archiv.szolnoktv.hu\/?p=8449","title":{"rendered":"Munk\u00e1sp\u00e1rt sajt\u00f3t\u00e1j\u00e9koztat\u00f3"},"content":{"rendered":"<div class='booster-block booster-read-block'><\/div><p>Egyetlen munkaad\u00f3, egyetlen t\u0151k\u00e9s, egyetlen korm\u00e1ny sem ad aj\u00e1nd\u00e9kba jobb \u00e9letet, meg kell \u00e9rte k\u00fczdeni \u00e9s a Munk\u00e1sp\u00e1rt ezt tenn\u00e9 a parlamentben. &#8211; kezdte Bencsik Mih\u00e1ly mai sajt\u00f3t\u00e1j\u00e9koztat\u00f3j\u00e1t. A p\u00e1rt orsz\u00e1ggy\u0171l\u00e9si k\u00e9pvisel\u0151jel\u00f6ltje azt mondta, egyik legfontosabb c\u00e9ljuk az eg\u00e9szs\u00e9g\u00fcgyi helyzet\u00e9nek rendez\u00e9se:<\/p>\n<p>-Mi \u00fagy gondoljuk, hogy a jelenlegi n\u00e9h\u00e1ny sz\u00e1zal\u00e9kos eg\u00e9szs\u00e9g\u00fcgyre ford\u00edt\u00e1s helyett meg kellene dupl\u00e1zni az eg\u00e9szs\u00e9g\u00fcgyb\u0151l a t\u00e1mogat\u00e1sokat, kor\u00e1bbi programunkban \u00fagy sz\u00f3lt ez hogy 10 sz\u00e1zal\u00e9k\u00e1t kellene ford\u00edtani eg\u00e9szs\u00e9g\u00fcgyre. &#8211;<\/p>\n<p>Ebb\u0151l m\u00e1r lehetne finansz\u00edrozni az orvosok \u00e9s az eg\u00e9szs\u00e9g\u00fcgyi szakdolgoz\u00f3k b\u00e9r\u00e9t \u00e9s a k\u00f3rh\u00e1zak fejleszt\u00e9s\u00e9t is  &#8211;   folytatta a jel\u00f6lt. A p\u00e1rt mindenki sz\u00e1m\u00e1ra ingyeness\u00e9 tenn\u00e9 a fog\u00e1szati ell\u00e1t\u00e1st, valamint \u00e1tfog\u00f3 \u00e9s ingyenes \u00e1llami sz\u0171r\u0151vizsg\u00e1lati rendszert hozn\u00e1nak l\u00e9tre. <\/p>\n<p>-A Munk\u00e1sp\u00e1rt szerint a h\u00e1ziorvosoknak k\u00f6zalkalmazottaknak kellene lennie, nem mag\u00e1nrendel\u0151knek kellene lennie, \u00e9s erre a rendszerre is j\u00f3val t\u00f6bbet kellene ford\u00edtani. Ami futna a megdupl\u00e1zott eg\u00e9szs\u00e9g\u00fcgyi ell\u00e1t\u00e1sokb\u00f3l. &#8211; &#8211; folytatta Bencsik Mih\u00e1ly. <\/p>\n<p> A munk\u00e1sp\u00e1rt fel\u00fclvizsg\u00e1ltatn\u00e1 a szoci\u00e1lis ell\u00e1t\u00e1s rendszer\u00e9t, betiltan\u00e1 az eg\u00e9szs\u00e9gk\u00e1ros\u00edt\u00f3 \u00e9lelmiszereket \u00e9s t\u00e1mogatn\u00e1 az eg\u00e9szs\u00e9gtudatos t\u00e1pl\u00e1lkoz\u00e1s n\u00e9pszer\u0171s\u00edt\u00e9s\u00e9t. A megel\u0151z\u00e9sre nagyobb hangs\u00falyt fektetn\u00e9nek, ez\u00e9rt mindenki sz\u00e1m\u00e1ra el\u00e9rhet\u0151 sportol\u00e1si lehet\u0151s\u00e9get biztos\u00edtan\u00e1nak. &#8211; z\u00e1rta t\u00e1j\u00e9koztat\u00f3j\u00e1t Bencsik Mih\u00e1ly. <\/p>\n<div style=\"width: 640px;\" class=\"wp-video\"><!--[if lt IE 9]><script>document.createElement('video');<\/script><![endif]-->\n<video class=\"wp-video-shortcode\" id=\"video-8449-1\" width=\"640\" height=\"360\" preload=\"metadata\" controls=\"controls\"><source type=\"video\/mp4\" src=\"\/spots\/hir\/hir_180308_02.mp4?_=1\" \/><a href=\"\/spots\/hir\/hir_180308_02.mp4\">\/spots\/hir\/hir_180308_02.mp4<\/a><\/video><\/div>\n","protected":false},"excerpt":{"rendered":"<p>Egyetlen munkaad\u00f3, egyetlen t\u0151k\u00e9s, egyetlen korm\u00e1ny sem ad aj\u00e1nd\u00e9kba jobb \u00e9letet, meg kell \u00e9rte k\u00fczdeni \u00e9s a Munk\u00e1sp\u00e1rt ezt tenn\u00e9 a parlamentben. &#8211; kezdte Bencsik Mih\u00e1ly mai sajt\u00f3t\u00e1j\u00e9koztat\u00f3j\u00e1t. A p\u00e1rt orsz\u00e1ggy\u0171l\u00e9si k\u00e9pvisel\u0151jel\u00f6ltje azt mondta, egyik legfontosabb c\u00e9ljuk az eg\u00e9szs\u00e9g\u00fcgyi helyzet\u00e9nek rendez\u00e9se: -Mi \u00fagy gondoljuk, hogy a jelenlegi n\u00e9h\u00e1ny sz\u00e1zal\u00e9kos eg\u00e9szs\u00e9g\u00fcgyre ford\u00edt\u00e1s helyett meg kellene dupl\u00e1zni [&hellip;]<\/p>\n","protected":false},"author":2,"featured_media":0,"comment_status":"closed","ping_status":"closed","sticky":false,"template":"","format":"standard","meta":[],"categories":[9],"tags":[],"_links":{"self":[{"href":"http:\/\/archiv.szolnoktv.hu\/index.php?rest_route=\/wp\/v2\/posts\/8449"}],"collection":[{"href":"http:\/\/archiv.szolnoktv.hu\/index.php?rest_route=\/wp\/v2\/posts"}],"about":[{"href":"http:\/\/archiv.szolnoktv.hu\/index.php?rest_route=\/wp\/v2\/types\/post"}],"author":[{"embeddable":true,"href":"http:\/\/archiv.szolnoktv.hu\/index.php?rest_route=\/wp\/v2\/users\/2"}],"replies":[{"embeddable":true,"href":"http:\/\/archiv.szolnoktv.hu\/index.php?rest_route=%2Fwp%2Fv2%2Fcomments&post=8449"}],"version-history":[{"count":1,"href":"http:\/\/archiv.szolnoktv.hu\/index.php?rest_route=\/wp\/v2\/posts\/8449\/revisions"}],"predecessor-version":[{"id":8504,"href":"http:\/\/archiv.szolnoktv.hu\/index.php?rest_route=\/wp\/v2\/posts\/8449\/revisions\/8504"}],"wp:attachment":[{"href":"http:\/\/archiv.szolnoktv.hu\/index.php?rest_route=%2Fwp%2Fv2%2Fmedia&parent=8449"}],"wp:term":[{"taxonomy":"category","embeddable":true,"href":"http:\/\/archiv.szolnoktv.hu\/index.php?rest_route=%2Fwp%2Fv2%2Fcategories&post=8449"},{"taxonomy":"post_tag","embeddable":true,"href":"http:\/\/archiv.szolnoktv.hu\/index.php?rest_route=%2Fwp%2Fv2%2Ftags&post=8449"}],"curies":[{"name":"wp","href":"https:\/\/api.w.org\/{rel}","templated":true}]}}