{"id":8448,"date":"2018-03-08T16:37:42","date_gmt":"2018-03-08T16:37:42","guid":{"rendered":"http:\/\/archiv.szolnoktv.hu\/?p=8448"},"modified":"2021-08-13T19:45:44","modified_gmt":"2021-08-13T19:45:44","slug":"gyurcsany-ferenc-szolnokon","status":"publish","type":"post","link":"http:\/\/archiv.szolnoktv.hu\/?p=8448","title":{"rendered":"Gyurcs\u00e1ny Ferenc Szolnokon"},"content":{"rendered":"<div class='booster-block booster-read-block'><\/div><p> Orb\u00e1n Viktor  feltal\u00e1lt &#8220;egy \u00faj szenth\u00e1roms\u00e1got&#8221; &#8211; Soros, Br\u00fcsszel, menek\u00fcltek -, \u00e9s csak ebben a h\u00e1romsz\u00f6gben tud gondolkodni. &#8211; kezdte tegnap esti lakoss\u00e1gi f\u00f3rum\u00e1t Gyurcs\u00e1ny Ferenc. Az embereknek pedig m\u00e1r eleg\u00fck van az \u00e1lland\u00f3 gy\u0171l\u00f6letkelt\u00e9sb\u0151l. Csak\u00fagy mint a szeg\u00e9nys\u00e9gb\u0151l, a nyomorb\u00f3l \u00e9s a Tiborc Istv\u00e1nokb\u00f3l &#8211;   folytatta a politikus. <\/p>\n<p>-Nek\u00fcnk az a legfontosabb, hogy azt \u00e9rts\u00e9k Szolnok polg\u00e1rai is, hogy nem kell megalkudni ezzel a rendszerrel. \u00d5k nagyon k\u00f6zel l\u00e1tj\u00e1k, ha m\u00e1shonnan nem az Elios \u00fcgyben. Az \u0151 bizalmukkal ez a hatalom vissza\u00e9lt , hogy a hatalom k\u00f6zel\u00e9ben l\u00e9v\u0151t, a vejt \u00e9s a t\u00f6bbieket gazdag\u00edts\u00e1k. De Szolnokot kell gazdag\u00edtani, nem a hatalmon l\u00e9v\u0151ket \u00e9s ezt k\u00e9rj\u00e9k ki nyugodtan maguknak. &#8211; &#8211; fogalmazott Gyurcs\u00e1ny Ferenc. <\/p>\n<p> Eur\u00f3pa perif\u00e9ri\u00e1j\u00e1ra fogunk ker\u00fclni, ha \u00edgy folytatjuk  &#8211;   folytatta a p\u00e1rteln\u00f6k, aki sz\u00f3lt az eg\u00e9szs\u00e9g\u00fcgy helyzet\u00e9r\u0151l is. A politikus szerint t\u0171rhetetlen, hogy s\u00fcrg\u0151ss\u00e9gi oszt\u00e1lyokon halnak meg betegek, vagy hogy nincs r\u00f6ntgen egy balesetin. Gyurcs\u00e1ny Ferenc a hat\u00e1ron t\u00faliak szavazati jog\u00e1r\u00f3l is besz\u00e9lt. <\/p>\n<p> -Nagyon b\u00fcszke vagyok arra, hogy ilyen ny\u00edltan \u00e9s tiszt\u00e1n tudunk besz\u00e9lni az orsz\u00e1g dolgair\u00f3l, mint nagyon r\u00e9gen maga a Fidesz. Persze sokan felh\u00e1borodnak, amikor \u00e9n azt mondom, hogy ne szavazhassanak azok, akik soha nem \u00e9ltek itt. De ez nem magyarellenes \u00e1ll\u00e1spont. Azt szeretn\u00e9m, hogy azok d\u00f6nthessenek Magyarorsz\u00e1g \u00e9s  Szolnok dolg\u00e1r\u00f3l, akik osztj\u00e1k d\u00f6nt\u00e9s\u00fck k\u00f6vetkezm\u00e9ny\u00e9t.&#8221; <\/p>\n<p>Gyurcs\u00e1ny Ferenc elmondta: a lakoss\u00e1gi f\u00f3rumokon a legt\u00f6bben azt a k\u00e9rd\u00e9st teszik fel: mikor fog \u00f6ssze az ellenz\u00e9k a Fidesz lev\u00e1lt\u00e1sa \u00e9rdek\u00e9ben. A p\u00e1rteln\u00f6k \u00fagy fogalmazott: \u0151k m\u00e1r \u00f6sszefogtak az MSZP-vel, ami pedig a j\u00f6v\u0151t illeti ki kell sz\u00e9les\u00edteni a meg\u00e1llapod\u00e1st a &#8220;demokratikus ellenz\u00e9ki p\u00e1rtok k\u00f6z\u00f6tt&#8221;.\u00a0 <\/p>\n<div style=\"width: 640px;\" class=\"wp-video\"><!--[if lt IE 9]><script>document.createElement('video');<\/script><![endif]-->\n<video class=\"wp-video-shortcode\" id=\"video-8448-1\" width=\"640\" height=\"360\" preload=\"metadata\" controls=\"controls\"><source type=\"video\/mp4\" src=\"\/spots\/hir\/hir_180308_01.mp4?_=1\" \/><a href=\"\/spots\/hir\/hir_180308_01.mp4\">\/spots\/hir\/hir_180308_01.mp4<\/a><\/video><\/div>\n","protected":false},"excerpt":{"rendered":"<p>Orb\u00e1n Viktor feltal\u00e1lt &#8220;egy \u00faj szenth\u00e1roms\u00e1got&#8221; &#8211; Soros, Br\u00fcsszel, menek\u00fcltek -, \u00e9s csak ebben a h\u00e1romsz\u00f6gben tud gondolkodni. &#8211; kezdte tegnap esti lakoss\u00e1gi f\u00f3rum\u00e1t Gyurcs\u00e1ny Ferenc. Az embereknek pedig m\u00e1r eleg\u00fck van az \u00e1lland\u00f3 gy\u0171l\u00f6letkelt\u00e9sb\u0151l. Csak\u00fagy mint a szeg\u00e9nys\u00e9gb\u0151l, a nyomorb\u00f3l \u00e9s a Tiborc Istv\u00e1nokb\u00f3l &#8211; folytatta a politikus. -Nek\u00fcnk az a legfontosabb, hogy azt [&hellip;]<\/p>\n","protected":false},"author":2,"featured_media":0,"comment_status":"closed","ping_status":"closed","sticky":false,"template":"","format":"standard","meta":[],"categories":[9],"tags":[],"_links":{"self":[{"href":"http:\/\/archiv.szolnoktv.hu\/index.php?rest_route=\/wp\/v2\/posts\/8448"}],"collection":[{"href":"http:\/\/archiv.szolnoktv.hu\/index.php?rest_route=\/wp\/v2\/posts"}],"about":[{"href":"http:\/\/archiv.szolnoktv.hu\/index.php?rest_route=\/wp\/v2\/types\/post"}],"author":[{"embeddable":true,"href":"http:\/\/archiv.szolnoktv.hu\/index.php?rest_route=\/wp\/v2\/users\/2"}],"replies":[{"embeddable":true,"href":"http:\/\/archiv.szolnoktv.hu\/index.php?rest_route=%2Fwp%2Fv2%2Fcomments&post=8448"}],"version-history":[{"count":1,"href":"http:\/\/archiv.szolnoktv.hu\/index.php?rest_route=\/wp\/v2\/posts\/8448\/revisions"}],"predecessor-version":[{"id":8505,"href":"http:\/\/archiv.szolnoktv.hu\/index.php?rest_route=\/wp\/v2\/posts\/8448\/revisions\/8505"}],"wp:attachment":[{"href":"http:\/\/archiv.szolnoktv.hu\/index.php?rest_route=%2Fwp%2Fv2%2Fmedia&parent=8448"}],"wp:term":[{"taxonomy":"category","embeddable":true,"href":"http:\/\/archiv.szolnoktv.hu\/index.php?rest_route=%2Fwp%2Fv2%2Fcategories&post=8448"},{"taxonomy":"post_tag","embeddable":true,"href":"http:\/\/archiv.szolnoktv.hu\/index.php?rest_route=%2Fwp%2Fv2%2Ftags&post=8448"}],"curies":[{"name":"wp","href":"https:\/\/api.w.org\/{rel}","templated":true}]}}