{"id":8447,"date":"2018-03-07T19:03:22","date_gmt":"2018-03-07T19:03:22","guid":{"rendered":"http:\/\/archiv.szolnoktv.hu\/?p=8447"},"modified":"2021-08-13T19:45:45","modified_gmt":"2021-08-13T19:45:45","slug":"negyven-orszagos-partlistat-jelentettek-be","status":"publish","type":"post","link":"http:\/\/archiv.szolnoktv.hu\/?p=8447","title":{"rendered":"Negyven orsz\u00e1gos p\u00e1rtlist\u00e1t jelentettek be"},"content":{"rendered":"<div class='booster-block booster-read-block'><\/div><p>Elk\u00e9pzelhet\u0151 azonban, hogy a p\u00e1rtlist\u00e1k sz\u00e1ma kevesebb lesz. Ez abban az esetben fordulhat el\u0151, ha az aj\u00e1nl\u00e1sellen\u0151rz\u00e9sek sor\u00e1n kider\u00fcl, hogy valamelyik szervezetnek nincs meg a lista\u00e1ll\u00edt\u00e1shoz sz\u00fcks\u00e9ges 27 egy\u00e9ni jel\u00f6ltje a f\u0151v\u00e1rosban \u00e9s kilenc megy\u00e9ben. Az \u00e1prilis 8-ai v\u00e1laszt\u00e1sra valamennyi orsz\u00e1gos nemzeti \u00f6nkorm\u00e1nyzat bejelentette list\u00e1j\u00e1t a hat\u00e1rid\u0151ig.\u00a0A test\u00fclet kisorsolta a szavaz\u00f3lapokon szerepl\u0151 orsz\u00e1gos p\u00e1rtlist\u00e1k \u00e9s nemzetis\u00e9gi list\u00e1k sorsz\u00e1m\u00e1t is kedden este.\u00a0\u00a0A p\u00e1rt- \u00e9s a nemzetis\u00e9gi list\u00e1k sorsz\u00e1m\u00e1t &#8211; adminisztrat\u00edv okok miatt &#8211; egy sorsol\u00e1ssal h\u00fazt\u00e1k ki, de a p\u00e1rtlist\u00e1kon term\u00e9szetesen nem szerepelnek majd az orsz\u00e1gos nemzetis\u00e9gi \u00f6nkorm\u00e1nyzatok. N\u00e9gy \u00e9vvel ezel\u0151tt egy\u00e9bk\u00e9nt 31 p\u00e1rtlist\u00e1t jelentettek be hat\u00e1rid\u0151ig, az NVB v\u00e9g\u00fcl ezek k\u00f6z\u00fcl csak 18-at vett nyilv\u00e1ntart\u00e1sba, m\u00edg orsz\u00e1gos nemzetis\u00e9gi \u00f6nkorm\u00e1nyzatok k\u00f6z\u00fcl mindegyik \u00e1ll\u00edtott list\u00e1t.<br \/>\n<br \/>\n<div style=\"width: 640px;\" class=\"wp-video\"><!--[if lt IE 9]><script>document.createElement('video');<\/script><![endif]-->\n<video class=\"wp-video-shortcode\" id=\"video-8447-1\" width=\"640\" height=\"360\" preload=\"metadata\" controls=\"controls\"><source type=\"video\/mp4\" src=\"\/spots\/hir\/hir_180307_07.mp4?_=1\" \/><a href=\"\/spots\/hir\/hir_180307_07.mp4\">\/spots\/hir\/hir_180307_07.mp4<\/a><\/video><\/div><\/p>\n","protected":false},"excerpt":{"rendered":"<p>Elk\u00e9pzelhet\u0151 azonban, hogy a p\u00e1rtlist\u00e1k sz\u00e1ma kevesebb lesz. Ez abban az esetben fordulhat el\u0151, ha az aj\u00e1nl\u00e1sellen\u0151rz\u00e9sek sor\u00e1n kider\u00fcl, hogy valamelyik szervezetnek nincs meg a lista\u00e1ll\u00edt\u00e1shoz sz\u00fcks\u00e9ges 27 egy\u00e9ni jel\u00f6ltje a f\u0151v\u00e1rosban \u00e9s kilenc megy\u00e9ben. Az \u00e1prilis 8-ai v\u00e1laszt\u00e1sra valamennyi orsz\u00e1gos nemzeti \u00f6nkorm\u00e1nyzat bejelentette list\u00e1j\u00e1t a hat\u00e1rid\u0151ig.\u00a0A test\u00fclet kisorsolta a szavaz\u00f3lapokon szerepl\u0151 orsz\u00e1gos p\u00e1rtlist\u00e1k \u00e9s [&hellip;]<\/p>\n","protected":false},"author":2,"featured_media":0,"comment_status":"closed","ping_status":"closed","sticky":false,"template":"","format":"standard","meta":[],"categories":[9],"tags":[],"_links":{"self":[{"href":"http:\/\/archiv.szolnoktv.hu\/index.php?rest_route=\/wp\/v2\/posts\/8447"}],"collection":[{"href":"http:\/\/archiv.szolnoktv.hu\/index.php?rest_route=\/wp\/v2\/posts"}],"about":[{"href":"http:\/\/archiv.szolnoktv.hu\/index.php?rest_route=\/wp\/v2\/types\/post"}],"author":[{"embeddable":true,"href":"http:\/\/archiv.szolnoktv.hu\/index.php?rest_route=\/wp\/v2\/users\/2"}],"replies":[{"embeddable":true,"href":"http:\/\/archiv.szolnoktv.hu\/index.php?rest_route=%2Fwp%2Fv2%2Fcomments&post=8447"}],"version-history":[{"count":1,"href":"http:\/\/archiv.szolnoktv.hu\/index.php?rest_route=\/wp\/v2\/posts\/8447\/revisions"}],"predecessor-version":[{"id":8506,"href":"http:\/\/archiv.szolnoktv.hu\/index.php?rest_route=\/wp\/v2\/posts\/8447\/revisions\/8506"}],"wp:attachment":[{"href":"http:\/\/archiv.szolnoktv.hu\/index.php?rest_route=%2Fwp%2Fv2%2Fmedia&parent=8447"}],"wp:term":[{"taxonomy":"category","embeddable":true,"href":"http:\/\/archiv.szolnoktv.hu\/index.php?rest_route=%2Fwp%2Fv2%2Fcategories&post=8447"},{"taxonomy":"post_tag","embeddable":true,"href":"http:\/\/archiv.szolnoktv.hu\/index.php?rest_route=%2Fwp%2Fv2%2Ftags&post=8447"}],"curies":[{"name":"wp","href":"https:\/\/api.w.org\/{rel}","templated":true}]}}