{"id":8416,"date":"2018-03-07T17:43:17","date_gmt":"2018-03-07T17:43:17","guid":{"rendered":"http:\/\/archiv.szolnoktv.hu\/?p=8416"},"modified":"2021-08-13T19:10:55","modified_gmt":"2021-08-13T19:10:55","slug":"dr-kallai-maria-sajtotajekoztato","status":"publish","type":"post","link":"http:\/\/archiv.szolnoktv.hu\/?p=8416","title":{"rendered":"Dr. K\u00e1llai M\u00e1ria sajt\u00f3t\u00e1j\u00e9koztat\u00f3"},"content":{"rendered":"<div class='booster-block booster-read-block'><\/div><p>A szolnoki Th\u00f6k\u00f6ly \u00fati laktanya is egyike azoknak, ahov\u00e1 Kar\u00e1csony Gergely migr\u00e1nsokat telep\u00edtene. &#8211; kezdte t\u00e1j\u00e9koztat\u00f3j\u00e1t Dr. K\u00e1llai M\u00e1ria. Az Fidesz orsz\u00e1ggy\u0171l\u00e9si k\u00e9pvisel\u0151jel\u00f6ltje hozz\u00e1tette: az MSZP-P\u00e1rbesz\u00e9d minisztereln\u00f6k-jel\u00f6ltje,a bev\u00e1ndorl\u00e1ssal, betelep\u00edt\u00e9sekkel kapcsolatos k\u00e9rd\u00e9sekre csak \u00e1prilis 9-\u00e9n  ut\u00e1n k\u00edv\u00e1n v\u00e1laszolni, ezzel is bizony\u00edtva, hogy be akarj\u00e1k csapni a magyar embereket. <\/p>\n<p>-Szeretn\u00e9m is lesz\u00f6gezni, Szolnok, illetve ez a v\u00e1laszt\u00f3ker\u00fclet nem k\u00e9r a bev\u00e1ndorl\u00f3kb\u00f3l. A tapasztalatok azt mutatj\u00e1k, hogy ahov\u00e1 bev\u00e1ndorl\u00f3k ker\u00fclnek, ott l\u00e9nyegesen cs\u00f6kken a k\u00f6zbiztons\u00e1g, a mindennapok biztons\u00e1ga. Ugr\u00e1sszer\u0171en megn\u0151nek a b\u0171ncselekm\u00e9nyek, n\u0151 az er\u0151szakos cselekm\u00e9nyek sz\u00e1ma.&#8221; &#8211; mondta Dr. K\u00e1llai M\u00e1ria, orsz\u00e1ggy\u0171l\u00e9si k\u00e9pvisel\u0151jel\u00f6lt<\/p>\n<p>Az adatok szerint a laktany\u00e1k befogad\u00f3k\u00e9pess\u00e9ge k\u00f6r\u00fclbel\u00fcl 10 ezer, s a leg\u00fajabb br\u00fcsszeli javaslat szerint Magyarorsz\u00e1gnak \u00e9ppen ennyi embert kellene befogadnia. Ezt a Fidesz nem engedi, mert szeretn\u00e9k, hogy haz\u00e1nk tov\u00e1bbra is Eur\u00f3pa egyik legbiztons\u00e1gosabb orsz\u00e1ga maradjon. <\/p>\n<p>-Ez teh\u00e1t a v\u00e1laszt\u00e1s t\u00e9tje, nek\u00fcnk Magyarorsz\u00e1g az els\u0151 , mindent meg kell tenni az\u00e9rt, hogy Magyarorsz\u00e1g Magyarorsz\u00e1g maradjon, \u00e1prilis 8-\u00e1n meg kell v\u00e9den\u00fcnk minden telep\u00fcl\u00e9st Magyarorsz\u00e1gon. Mert ahogy m\u00e1r t\u00f6bbsz\u00f6r mondtuk, nem akarunk bev\u00e1ndorl\u00f3orsz\u00e1got. &#8212; mondta Dr. K\u00e1llai M\u00e1ria, orsz\u00e1ggy\u0171l\u00e9si k\u00e9pvisel\u0151jel\u00f6lt<\/p>\n<p> Hat\u00e1rozottan tiltakozik Szalay Ferenc is Kar\u00e1csony Gergely betelep\u00edt\u00e9si tervei ellen. A v\u00e1laszt\u00f3ker\u00fcleti eln\u00f6k egy\u00fattal fel is sz\u00f3l\u00edtotta az ellenz\u00e9ki politikusokat,  hangs\u00falyozva: Szolnok nem k\u00e9r a migr\u00e1nsokb\u00f3l.<br \/>\n<br \/>\n<div style=\"width: 640px;\" class=\"wp-video\"><!--[if lt IE 9]><script>document.createElement('video');<\/script><![endif]-->\n<video class=\"wp-video-shortcode\" id=\"video-8416-1\" width=\"640\" height=\"360\" preload=\"metadata\" controls=\"controls\"><source type=\"video\/mp4\" src=\"\/spots\/hir\/hir_180307_06.mp4?_=1\" \/><a href=\"\/spots\/hir\/hir_180307_06.mp4\">\/spots\/hir\/hir_180307_06.mp4<\/a><\/video><\/div><\/p>\n","protected":false},"excerpt":{"rendered":"<p>A szolnoki Th\u00f6k\u00f6ly \u00fati laktanya is egyike azoknak, ahov\u00e1 Kar\u00e1csony Gergely migr\u00e1nsokat telep\u00edtene. &#8211; kezdte t\u00e1j\u00e9koztat\u00f3j\u00e1t Dr. K\u00e1llai M\u00e1ria. Az Fidesz orsz\u00e1ggy\u0171l\u00e9si k\u00e9pvisel\u0151jel\u00f6ltje hozz\u00e1tette: az MSZP-P\u00e1rbesz\u00e9d minisztereln\u00f6k-jel\u00f6ltje,a bev\u00e1ndorl\u00e1ssal, betelep\u00edt\u00e9sekkel kapcsolatos k\u00e9rd\u00e9sekre csak \u00e1prilis 9-\u00e9n ut\u00e1n k\u00edv\u00e1n v\u00e1laszolni, ezzel is bizony\u00edtva, hogy be akarj\u00e1k csapni a magyar embereket. -Szeretn\u00e9m is lesz\u00f6gezni, Szolnok, illetve ez a v\u00e1laszt\u00f3ker\u00fclet [&hellip;]<\/p>\n","protected":false},"author":2,"featured_media":0,"comment_status":"closed","ping_status":"closed","sticky":false,"template":"","format":"standard","meta":[],"categories":[9],"tags":[],"_links":{"self":[{"href":"http:\/\/archiv.szolnoktv.hu\/index.php?rest_route=\/wp\/v2\/posts\/8416"}],"collection":[{"href":"http:\/\/archiv.szolnoktv.hu\/index.php?rest_route=\/wp\/v2\/posts"}],"about":[{"href":"http:\/\/archiv.szolnoktv.hu\/index.php?rest_route=\/wp\/v2\/types\/post"}],"author":[{"embeddable":true,"href":"http:\/\/archiv.szolnoktv.hu\/index.php?rest_route=\/wp\/v2\/users\/2"}],"replies":[{"embeddable":true,"href":"http:\/\/archiv.szolnoktv.hu\/index.php?rest_route=%2Fwp%2Fv2%2Fcomments&post=8416"}],"version-history":[{"count":1,"href":"http:\/\/archiv.szolnoktv.hu\/index.php?rest_route=\/wp\/v2\/posts\/8416\/revisions"}],"predecessor-version":[{"id":8417,"href":"http:\/\/archiv.szolnoktv.hu\/index.php?rest_route=\/wp\/v2\/posts\/8416\/revisions\/8417"}],"wp:attachment":[{"href":"http:\/\/archiv.szolnoktv.hu\/index.php?rest_route=%2Fwp%2Fv2%2Fmedia&parent=8416"}],"wp:term":[{"taxonomy":"category","embeddable":true,"href":"http:\/\/archiv.szolnoktv.hu\/index.php?rest_route=%2Fwp%2Fv2%2Fcategories&post=8416"},{"taxonomy":"post_tag","embeddable":true,"href":"http:\/\/archiv.szolnoktv.hu\/index.php?rest_route=%2Fwp%2Fv2%2Ftags&post=8416"}],"curies":[{"name":"wp","href":"https:\/\/api.w.org\/{rel}","templated":true}]}}