{"id":8415,"date":"2018-03-07T17:39:09","date_gmt":"2018-03-07T17:39:09","guid":{"rendered":"http:\/\/archiv.szolnoktv.hu\/?p=8415"},"modified":"2021-08-13T19:10:56","modified_gmt":"2021-08-13T19:10:56","slug":"iratkezelesi-konferencia","status":"publish","type":"post","link":"http:\/\/archiv.szolnoktv.hu\/?p=8415","title":{"rendered":"Iratkezel\u00e9si konferencia"},"content":{"rendered":"<div class='booster-block booster-read-block'><\/div><p>Els\u0151 \u00edzben rendezett iratkezel\u00e9si konferenci\u00e1t  a megyei lev\u00e9lt\u00e1r \u00e9s a korm\u00e1nyhivatal. <\/p>\n<p>Cs\u00f6nge Attila lev\u00e9lt\u00e1r-igazgat\u00f3 JNSZ Megyei  Lev\u00e9lt\u00e1r: <\/p>\n<p>-&#8220;A korm\u00e1nyhivatallal k\u00f6z\u00f6sen szervezz\u00fck ezt a konferenci\u00e1t, hiszen a megyei telep\u00fcl\u00e9sek  \u00f6nkorm\u00e1nyzatok  iratt\u00e1rainak iratkezel\u00e9s\u00e9nek fel\u00fcgyelet\u00e9t a korm\u00e1nyhivatallal k\u00f6z\u00f6sen l\u00e1tjuk el. Ez a szakmai nap 4 el\u0151ad\u00e1st foglal magban, melyekre az \u00f6nkorm\u00e1nyzatok iratt\u00e1rosait, jegyz\u0151it h\u00edvtuk el. Az aktu\u00e1lis k\u00f6zigazgat\u00e1si iratkezel\u00e9si k\u00e9rd\u00e9seket vitatjuk meg egy eszmecsere keret\u00e9ben. &#8211;<\/p>\n<p>A korm\u00e1nyhivatal el\u0151ad\u00f3i a jogszab\u00e1lyi h\u00e1tt\u00e9rr\u0151l \u00e9s az elektronikus  iratok kezel\u00e9s\u00e9r\u0151l tartottak el\u0151ad\u00e1sokat. A lev\u00e9lt\u00e1r munkat\u00e1rsai gyakorlatorient\u00e1lt inform\u00e1ci\u00f3kkal seg\u00edtett\u00e9k az iratt\u00e1rosok munk\u00e1j\u00e1t. Egyes dokumentumok ugyanis nemcsak a jogbiztos\u00edt\u00e1si  hanem a t\u00f6rt\u00e9neti  szempontb\u00f3l is meg kell, hogy maradjanak. Ezeket a megyei lev\u00e9lt\u00e1r \u0151rzi. A lev\u00e9lt\u00e1rosok ellen\u0151rzik az \u00f6nkorm\u00e1nyzati iratt\u00e1rakat is. Egy konferencia megh\u00edv\u00f3t 5 \u00e9v m\u00falva ak\u00e1r  ki lehet dobni, egy munka\u00fcgyi iratokat 50 \u00e9vig meg  kell \u0151rizni. A hagyat\u00e9ki pap\u00edrokat, vagy k\u00f6zgy\u0171l\u00e9si jegyz\u0151k\u00f6nyveket a lev\u00e9lt\u00e1rban kell meg\u0151rizni. <\/p>\n<p>Cs\u00f6nge Attila lev\u00e9lt\u00e1r-igazgat\u00f3 JNSZ Megyei  Lev\u00e9lt\u00e1r: <\/p>\n<p>-&#8220;T\u00f6rt\u00e9neti \u00e9rt\u00e9ke van \u00e9s fontos, hogy beker\u00fclj\u00f6n a lev\u00e9lt\u00e1rba, mert ak\u00e1r egy telep\u00fcl\u00e9s t\u00f6rt\u00e9nelm\u00e9nek , m\u00faltj\u00e1nak a felt\u00e1r\u00e1s\u00e1t 100 \u00e9v m\u00falva , 200 \u00e9v m\u00falva ezek a jegyz\u0151k\u00f6nyvek seg\u00edthetik. &#8211;<\/p>\n<p>A hadi\u00e1rv\u00e1k pl. most  nyugd\u00edj kieg\u00e9sz\u00edt\u00e9st ig\u00e9nyelhetnek, amihez szint\u00e9n a lev\u00e9lt\u00e1rban keresik az iratokat. A selejtez\u00e9sre is szigor\u00fa szab\u00e1lyok vonatkoznak. <\/p>\n<p>Szikszai Mih\u00e1ly f\u0151lev\u00e9lt\u00e1ros,JNSZ Megyei  Lev\u00e9lt\u00e1r: <\/p>\n<p>-&#8220;Egy selejtez\u00e9si bizotts\u00e1got kell alak\u00edtani, ami 3 tagb\u00f3l \u00e1ll. Meg kell hat\u00e1rozni, hogy mett\u0151l meddig tart a selejtez\u00e9s, milyen \u00e9vk\u00f6r\u00f6ket selejteznek. &#8211;<\/p>\n<p>Az ellen\u0151rz\u00e9s ut\u00e1n pedig lepecs\u00e9telik. Egy  telep\u00fcl\u00e9s t\u00f6rt\u00e9net\u00e9ben fontos dokumentumok, de pl. a m\u0171szaki l\u00e9tes\u00edtm\u00e9nyek iratai is beker\u00fclnek -15 \u00e9v ut\u00e1n -a lev\u00e9lt\u00e1rba.<br \/>\n<br \/>\n<div style=\"width: 640px;\" class=\"wp-video\"><!--[if lt IE 9]><script>document.createElement('video');<\/script><![endif]-->\n<video class=\"wp-video-shortcode\" id=\"video-8415-1\" width=\"640\" height=\"360\" preload=\"metadata\" controls=\"controls\"><source type=\"video\/mp4\" src=\"\/spots\/hir\/hir_180307_05.mp4?_=1\" \/><a href=\"\/spots\/hir\/hir_180307_05.mp4\">\/spots\/hir\/hir_180307_05.mp4<\/a><\/video><\/div><\/p>\n","protected":false},"excerpt":{"rendered":"<p>Els\u0151 \u00edzben rendezett iratkezel\u00e9si konferenci\u00e1t a megyei lev\u00e9lt\u00e1r \u00e9s a korm\u00e1nyhivatal. Cs\u00f6nge Attila lev\u00e9lt\u00e1r-igazgat\u00f3 JNSZ Megyei Lev\u00e9lt\u00e1r: -&#8220;A korm\u00e1nyhivatallal k\u00f6z\u00f6sen szervezz\u00fck ezt a konferenci\u00e1t, hiszen a megyei telep\u00fcl\u00e9sek \u00f6nkorm\u00e1nyzatok iratt\u00e1rainak iratkezel\u00e9s\u00e9nek fel\u00fcgyelet\u00e9t a korm\u00e1nyhivatallal k\u00f6z\u00f6sen l\u00e1tjuk el. Ez a szakmai nap 4 el\u0151ad\u00e1st foglal magban, melyekre az \u00f6nkorm\u00e1nyzatok iratt\u00e1rosait, jegyz\u0151it h\u00edvtuk el. Az aktu\u00e1lis k\u00f6zigazgat\u00e1si [&hellip;]<\/p>\n","protected":false},"author":2,"featured_media":0,"comment_status":"closed","ping_status":"closed","sticky":false,"template":"","format":"standard","meta":[],"categories":[9],"tags":[],"_links":{"self":[{"href":"http:\/\/archiv.szolnoktv.hu\/index.php?rest_route=\/wp\/v2\/posts\/8415"}],"collection":[{"href":"http:\/\/archiv.szolnoktv.hu\/index.php?rest_route=\/wp\/v2\/posts"}],"about":[{"href":"http:\/\/archiv.szolnoktv.hu\/index.php?rest_route=\/wp\/v2\/types\/post"}],"author":[{"embeddable":true,"href":"http:\/\/archiv.szolnoktv.hu\/index.php?rest_route=\/wp\/v2\/users\/2"}],"replies":[{"embeddable":true,"href":"http:\/\/archiv.szolnoktv.hu\/index.php?rest_route=%2Fwp%2Fv2%2Fcomments&post=8415"}],"version-history":[{"count":1,"href":"http:\/\/archiv.szolnoktv.hu\/index.php?rest_route=\/wp\/v2\/posts\/8415\/revisions"}],"predecessor-version":[{"id":8418,"href":"http:\/\/archiv.szolnoktv.hu\/index.php?rest_route=\/wp\/v2\/posts\/8415\/revisions\/8418"}],"wp:attachment":[{"href":"http:\/\/archiv.szolnoktv.hu\/index.php?rest_route=%2Fwp%2Fv2%2Fmedia&parent=8415"}],"wp:term":[{"taxonomy":"category","embeddable":true,"href":"http:\/\/archiv.szolnoktv.hu\/index.php?rest_route=%2Fwp%2Fv2%2Fcategories&post=8415"},{"taxonomy":"post_tag","embeddable":true,"href":"http:\/\/archiv.szolnoktv.hu\/index.php?rest_route=%2Fwp%2Fv2%2Ftags&post=8415"}],"curies":[{"name":"wp","href":"https:\/\/api.w.org\/{rel}","templated":true}]}}