{"id":8414,"date":"2018-03-07T17:32:44","date_gmt":"2018-03-07T17:32:44","guid":{"rendered":"http:\/\/archiv.szolnoktv.hu\/?p=8414"},"modified":"2021-08-13T19:10:56","modified_gmt":"2021-08-13T19:10:56","slug":"egnek-a-lampak-az-orosz-gyorgy-uti-parkoloban","status":"publish","type":"post","link":"http:\/\/archiv.szolnoktv.hu\/?p=8414","title":{"rendered":"\u00c9gnek a l\u00e1mp\u00e1k az Orosz Gy\u00f6rgy \u00fati parkol\u00f3ban"},"content":{"rendered":"<div class='booster-block booster-read-block'><\/div><p>A december elej\u00e9n fel\u00e1ll\u00edtott l\u00e1mp\u00e1k nem vil\u00e1g\u00edtottak az elm\u00falt hetekben. Az 1-es sz\u00e1m\u00fa v\u00e1laszt\u00f3 ker\u00fclet \u00f6nkorm\u00e1nyzati k\u00e9pvisel\u0151je, Tasn\u00e1di Zolt\u00e1n is \u00e9szlelte a hib\u00e1t \u00e9s jelezte azt.<\/p>\n<p>-Egyb\u0151l bejelent\u00e9ssel \u00e9ltem az \u00f6nkorm\u00e1nyzat illet\u00e9kes igazgat\u00f3s\u00e1ga fel\u00e9. Az \u00f6nkorm\u00e1nyzat -igaz, hogy ez a probl\u00e9ma nem \u00f6nkorm\u00e1nyzati hat\u00e1sk\u00f6r  &#8211;   de egyb\u0151l jelzett az E-On-nak, aki kivizsg\u00e1lta a probl\u00e9m\u00e1t \u00e9s legutols\u00f3 inform\u00e1ci\u00f3m szerint a tegnapi nap elh\u00e1r\u00edtott\u00e1k a probl\u00e9m\u00e1t.&#8221;<\/p>\n<p>A k\u00e9pvisel\u0151 kiemelte: fontos, hogy mindenki foglalkozzon a lak\u00f3k\u00f6rnyezet\u00e9vel \u00e9s b\u00e1rmi hib\u00e1t \u00e9szlel jelentse. Ezt a www.kozvilhiba.hu oldalon tehetik meg. A k\u00f6rzet k\u00e9pvisel\u0151je elmondta, hogy tavasszal folytat\u00f3dik a t\u00e9len elind\u00edtott j\u00e1rdafejleszt\u00e9si program. Az elm\u00falt id\u0151szakban a F\u00e9nyes Adolf \u00fatt\u00f3l eg\u00e9szen a Gy\u0151rffy Istv\u00e1ny utc\u00e1ig fel\u00faj\u00edtott\u00e1k a gyalogos utat. A ny\u00e1r v\u00e9g\u00e9ig pedig a Sz\u00e9chenyi Lak\u00f3telep teljes hossz\u00e1ban megt\u00f6rt\u00e9nik a j\u00e1rd\u00e1k rekonstrukci\u00f3ja.<br \/>\n<br \/>\n<div style=\"width: 640px;\" class=\"wp-video\"><!--[if lt IE 9]><script>document.createElement('video');<\/script><![endif]-->\n<video class=\"wp-video-shortcode\" id=\"video-8414-1\" width=\"640\" height=\"360\" preload=\"metadata\" controls=\"controls\"><source type=\"video\/mp4\" src=\"\/spots\/hir\/hir_180307_04.mp4?_=1\" \/><a href=\"\/spots\/hir\/hir_180307_04.mp4\">\/spots\/hir\/hir_180307_04.mp4<\/a><\/video><\/div><\/p>\n","protected":false},"excerpt":{"rendered":"<p>A december elej\u00e9n fel\u00e1ll\u00edtott l\u00e1mp\u00e1k nem vil\u00e1g\u00edtottak az elm\u00falt hetekben. Az 1-es sz\u00e1m\u00fa v\u00e1laszt\u00f3 ker\u00fclet \u00f6nkorm\u00e1nyzati k\u00e9pvisel\u0151je, Tasn\u00e1di Zolt\u00e1n is \u00e9szlelte a hib\u00e1t \u00e9s jelezte azt. -Egyb\u0151l bejelent\u00e9ssel \u00e9ltem az \u00f6nkorm\u00e1nyzat illet\u00e9kes igazgat\u00f3s\u00e1ga fel\u00e9. Az \u00f6nkorm\u00e1nyzat -igaz, hogy ez a probl\u00e9ma nem \u00f6nkorm\u00e1nyzati hat\u00e1sk\u00f6r &#8211; de egyb\u0151l jelzett az E-On-nak, aki kivizsg\u00e1lta a probl\u00e9m\u00e1t \u00e9s [&hellip;]<\/p>\n","protected":false},"author":2,"featured_media":0,"comment_status":"closed","ping_status":"closed","sticky":false,"template":"","format":"standard","meta":[],"categories":[9],"tags":[],"_links":{"self":[{"href":"http:\/\/archiv.szolnoktv.hu\/index.php?rest_route=\/wp\/v2\/posts\/8414"}],"collection":[{"href":"http:\/\/archiv.szolnoktv.hu\/index.php?rest_route=\/wp\/v2\/posts"}],"about":[{"href":"http:\/\/archiv.szolnoktv.hu\/index.php?rest_route=\/wp\/v2\/types\/post"}],"author":[{"embeddable":true,"href":"http:\/\/archiv.szolnoktv.hu\/index.php?rest_route=\/wp\/v2\/users\/2"}],"replies":[{"embeddable":true,"href":"http:\/\/archiv.szolnoktv.hu\/index.php?rest_route=%2Fwp%2Fv2%2Fcomments&post=8414"}],"version-history":[{"count":1,"href":"http:\/\/archiv.szolnoktv.hu\/index.php?rest_route=\/wp\/v2\/posts\/8414\/revisions"}],"predecessor-version":[{"id":8419,"href":"http:\/\/archiv.szolnoktv.hu\/index.php?rest_route=\/wp\/v2\/posts\/8414\/revisions\/8419"}],"wp:attachment":[{"href":"http:\/\/archiv.szolnoktv.hu\/index.php?rest_route=%2Fwp%2Fv2%2Fmedia&parent=8414"}],"wp:term":[{"taxonomy":"category","embeddable":true,"href":"http:\/\/archiv.szolnoktv.hu\/index.php?rest_route=%2Fwp%2Fv2%2Fcategories&post=8414"},{"taxonomy":"post_tag","embeddable":true,"href":"http:\/\/archiv.szolnoktv.hu\/index.php?rest_route=%2Fwp%2Fv2%2Ftags&post=8414"}],"curies":[{"name":"wp","href":"https:\/\/api.w.org\/{rel}","templated":true}]}}