{"id":8413,"date":"2018-03-07T14:44:54","date_gmt":"2018-03-07T14:44:54","guid":{"rendered":"http:\/\/archiv.szolnoktv.hu\/?p=8413"},"modified":"2021-08-13T19:10:56","modified_gmt":"2021-08-13T19:10:56","slug":"aldatlan-allapot-a-korhaz-kornyeken","status":"publish","type":"post","link":"http:\/\/archiv.szolnoktv.hu\/?p=8413","title":{"rendered":"\u00c1ldatlan \u00e1llapot a k\u00f3rh\u00e1z k\u00f6rny\u00e9k\u00e9n<br>"},"content":{"rendered":"<div class='booster-block booster-read-block'><\/div><p>V\u00e1rakozni  tilos t\u00e1bla a k\u00f3rh\u00e1z melletti Avar utc\u00e1ban.  B\u00e1r most nem \u00e1ll ebben az oldalban  egy aut\u00f3 sem, a s\u00e1rban j\u00f3l l\u00e1tszik, hogy rendszeresen v\u00e1rakoznak itt az aut\u00f3sok.<br \/>A m\u00e1sik oldalon a lak\u00f3k k\u00f6vekkel pr\u00f3b\u00e1lj\u00e1k megel\u0151zni, hogy a k\u00f3rh\u00e1zba igyekv\u0151k \u00e9s a fizet\u0151s parkol\u00f3kat elker\u00fcl\u0151k ne \u00e1llj\u00e1k el a kapuikat. <\/p>\n<p> Szab\u00f3 Zolt\u00e1n oszt\u00e1lyvezet\u0151, K\u00f6zter\u00fclet-fel\u00fcgyelet:<\/p>\n<p>-&#8220;A k\u00f6zter\u00fclet fel\u00fcgyel\u0151inknek a  napi szolg\u00e1lat\u00e1ba be van \u00e9p\u00edtve a k\u00f3rh\u00e1z k\u00f6rny\u00e9ki utc\u00e1knak az ellen\u0151rz\u00e9se. Pontosan az\u00e9rt mert t\u00f6bb lakoss\u00e1gi bejelent\u00e9s is \u00e9rkezett, hogy kapubej\u00e1r\u00f3kat, j\u00e1rd\u00e1t elfoglalnak, illetve tilt\u00f3 t\u00e1bla hat\u00e1lya alatt parkolnak. Ez\u00e9rt naponta ak\u00e1r \u00f6tsz\u00f6r &#8211; hatszor megfordulnak ott a k\u00f6zter\u00fclet fel\u00fcgyel\u0151k, \u00e9s a mai napon is \u00e9szleltek szab\u00e1lys\u00e9rt\u00e9st. &#8211;<\/p>\n<p>Ami az aut\u00f3soknak a  jogszab\u00e1ly szerint 10 ezer forintos b\u00edrs\u00e1got jelent. Ez pedig itt m\u00e1r a G\u00e1z utca, a k\u00f3rh\u00e1zzal szemben l\u00e9v\u0151 bolt mellett. <\/p>\n<p>Mint megtudtuk az aut\u00f3ban \u00fclve sem szab\u00e1lyos v\u00e1rakozni. <\/p>\n<p>-&#8220;A szab\u00e1lyszeg\u00e9s elk\u00f6vet\u00e9se szempontj\u00e1b\u00f3l  irrelev\u00e1ns, hogy benne \u00fcl-e a sof\u0151r az aut\u00f3ban vagy nem. Alapvet\u0151en mi els\u0151dlegesen a figyelmeztet\u00e9st  alkalmazzuk, teh\u00e1t ha felsz\u00f3l\u00edtjuk \u00e9s elmegy akkor figyelmeztet\u00e9ssel z\u00e1rul az elj\u00e1r\u00e1s. De ha felsz\u00f3l\u00edt\u00e1sra nem hagyja el a z\u00f6ld ter\u00fcletet, ami \u00f6nkorm\u00e1nyzati rendeletben r\u00f6gz\u00edtett szab\u00e1lyszeg\u00e9s, akkor feljelentj\u00fck, szab\u00e1lys\u00e9rt\u00e9si elj\u00e1r\u00e1st kezdem\u00e9nyez\u00fcnk a szab\u00e1lys\u00e9rt\u00e9si el\u0151ad\u00f3n\u00e1l vele szemben-tette hozz\u00e1 az oszt\u00e1lyvezet\u0151.<\/p>\n<p> T\u00e9ny, hogy m\u00e1r nemcsak a k\u00f3rh\u00e1z ter\u00fclet\u00e9n-borsos \u00e1ron, hanem a k\u00f3rh\u00e1z mellett kialak\u00edtott nyilv\u00e1nos parkol\u00f3ban is lehet -v\u00e1rosi d\u00edjszab\u00e1s\u00e9rt- v\u00e1rakozni, sokan m\u00e9gis a k\u00f6rnyez\u0151 utc\u00e1kat haszn\u00e1lj\u00e1k erre a c\u00e9lra ingyenesen. Az itt lak\u00f3k bossz\u00fas\u00e1g\u00e1ra.<br \/>\n<br \/>\n<div style=\"width: 640px;\" class=\"wp-video\"><!--[if lt IE 9]><script>document.createElement('video');<\/script><![endif]-->\n<video class=\"wp-video-shortcode\" id=\"video-8413-1\" width=\"640\" height=\"360\" preload=\"metadata\" controls=\"controls\"><source type=\"video\/mp4\" src=\"\/spots\/hir\/hir_180307_03.mp4?_=1\" \/><a href=\"\/spots\/hir\/hir_180307_03.mp4\">\/spots\/hir\/hir_180307_03.mp4<\/a><\/video><\/div><\/p>\n","protected":false},"excerpt":{"rendered":"<p>V\u00e1rakozni tilos t\u00e1bla a k\u00f3rh\u00e1z melletti Avar utc\u00e1ban. B\u00e1r most nem \u00e1ll ebben az oldalban egy aut\u00f3 sem, a s\u00e1rban j\u00f3l l\u00e1tszik, hogy rendszeresen v\u00e1rakoznak itt az aut\u00f3sok.A m\u00e1sik oldalon a lak\u00f3k k\u00f6vekkel pr\u00f3b\u00e1lj\u00e1k megel\u0151zni, hogy a k\u00f3rh\u00e1zba igyekv\u0151k \u00e9s a fizet\u0151s parkol\u00f3kat elker\u00fcl\u0151k ne \u00e1llj\u00e1k el a kapuikat. Szab\u00f3 Zolt\u00e1n oszt\u00e1lyvezet\u0151, K\u00f6zter\u00fclet-fel\u00fcgyelet: -&#8220;A k\u00f6zter\u00fclet [&hellip;]<\/p>\n","protected":false},"author":2,"featured_media":0,"comment_status":"closed","ping_status":"closed","sticky":false,"template":"","format":"standard","meta":[],"categories":[9],"tags":[],"_links":{"self":[{"href":"http:\/\/archiv.szolnoktv.hu\/index.php?rest_route=\/wp\/v2\/posts\/8413"}],"collection":[{"href":"http:\/\/archiv.szolnoktv.hu\/index.php?rest_route=\/wp\/v2\/posts"}],"about":[{"href":"http:\/\/archiv.szolnoktv.hu\/index.php?rest_route=\/wp\/v2\/types\/post"}],"author":[{"embeddable":true,"href":"http:\/\/archiv.szolnoktv.hu\/index.php?rest_route=\/wp\/v2\/users\/2"}],"replies":[{"embeddable":true,"href":"http:\/\/archiv.szolnoktv.hu\/index.php?rest_route=%2Fwp%2Fv2%2Fcomments&post=8413"}],"version-history":[{"count":1,"href":"http:\/\/archiv.szolnoktv.hu\/index.php?rest_route=\/wp\/v2\/posts\/8413\/revisions"}],"predecessor-version":[{"id":8420,"href":"http:\/\/archiv.szolnoktv.hu\/index.php?rest_route=\/wp\/v2\/posts\/8413\/revisions\/8420"}],"wp:attachment":[{"href":"http:\/\/archiv.szolnoktv.hu\/index.php?rest_route=%2Fwp%2Fv2%2Fmedia&parent=8413"}],"wp:term":[{"taxonomy":"category","embeddable":true,"href":"http:\/\/archiv.szolnoktv.hu\/index.php?rest_route=%2Fwp%2Fv2%2Fcategories&post=8413"},{"taxonomy":"post_tag","embeddable":true,"href":"http:\/\/archiv.szolnoktv.hu\/index.php?rest_route=%2Fwp%2Fv2%2Ftags&post=8413"}],"curies":[{"name":"wp","href":"https:\/\/api.w.org\/{rel}","templated":true}]}}