{"id":8412,"date":"2018-03-07T14:37:15","date_gmt":"2018-03-07T14:37:15","guid":{"rendered":"http:\/\/archiv.szolnoktv.hu\/?p=8412"},"modified":"2021-08-13T19:10:56","modified_gmt":"2021-08-13T19:10:56","slug":"brusszel-ismet-a-foldspekulansok-oldalara-allt","status":"publish","type":"post","link":"http:\/\/archiv.szolnoktv.hu\/?p=8412","title":{"rendered":"Br\u00fcsszel ism\u00e9t a f\u00f6ldspekul\u00e1nsok oldal\u00e1ra \u00e1llt"},"content":{"rendered":"<div class='booster-block booster-read-block'><\/div><p>Br\u00fcsszel ism\u00e9t a f\u00f6ldspekul\u00e1nsok oldal\u00e1ra \u00e1llt  &#8211;   mondta a f\u00f6ldm\u0171vel\u00e9s\u00fcgyi miniszter. Fazekas S\u00e1ndor al\u00e1h\u00fazta: az Eur\u00f3pai B\u00edr\u00f3s\u00e1g keddi d\u00f6nt\u00e9s\u00e9vel k\u00e9t esetben is a magyar gazd\u00e1k ellen d\u00f6nt\u00f6tt \u00e9s a k\u00fclf\u00f6ldiek mellett foglalt \u00e1ll\u00e1st a mez\u0151gazdas\u00e1gi f\u00f6ldter\u00fcletek haszon\u00e9lvezet\u00e9re vonatkoz\u00f3 magyar szab\u00e1lyoz\u00e1ssal kapcsolatban.<\/p>\n<p>Fazekas S\u00e1ndor kiemelte: -Nem meglep\u0151, de sajn\u00e1latos, hogy Br\u00fcsszel \u00fajra a k\u00fclf\u00f6ldi f\u00f6ldspekul\u00e1nsok oldal\u00e1ra \u00e1llt. Ez egy\u00e9bk\u00e9nt \u00f6sszhangban van azzal, ahogy Kar\u00e1csony Gergely \u00e9s az MSZP nyilatkozott, akik elvenn\u00e9k a f\u00f6ldeket a jogos tulajdonosait\u00f3l, azokt\u00f3l a gazd\u00e1kt\u00f3l, akik megv\u00e1s\u00e1rolt\u00e1k \u0151ket.&#8221;<\/p>\n<p>A miniszter hangs\u00falyozta: ezzel szemben 2014-ben a magyar Korm\u00e1ny kiemelt figyelmet ford\u00edtott a zsebszerz\u0151d\u00e9sek megsz\u0171ntet\u00e9s\u00e9re, illetve az az\u00f3ta eltelt id\u0151ben t\u00f6bb int\u00e9zked\u00e9st hozott annak \u00e9rdek\u00e9ben, hogy a magyar f\u00f6ld a magyar gazd\u00e1k tulajdon\u00e1ba ker\u00fclj\u00f6n. Fazekas S\u00e1ndor a t\u00f6bbi k\u00f6z\u00f6tt a -F\u00f6ldet a gazd\u00e1knak&#8221; programra, valamint a f\u00f6ldt\u00f6rv\u00e9nyre h\u00edvta fel a figyelmet.<\/p>\n<p>A miniszter kiemelte: -Nek\u00fcnk az a filoz\u00f3fi\u00e1nk, hogy a magyar gazd\u00e1knak kell f\u00f6ldtulajdonosnak lenni, a zsebszerz\u0151d\u00e9seket \u00fcld\u00f6zni kell \u00e9s a gazd\u00e1kat kij\u00e1tsz\u00f3 szab\u00e1lyokat, \u00edgy ezt a haszon\u00e9lvezeti konstrukci\u00f3t is f\u00f6l kell sz\u00e1molnunk.&#8221;<\/p>\n<p>Fazekas S\u00e1ndor a f\u00f3rumon r\u00e1mutatott: 2010 \u00f3ta a magyar mez\u0151gazdas\u00e1g talpra \u00e1llt \u00e9s n\u00f6veked\u00e9si p\u00e1ly\u00e1n van. Az \u00e1gazatban az elm\u00falt 7,5 \u00e9vben 70 ezer \u00faj munkahely j\u00f6tt l\u00e9tre \u00e9s a mez\u0151gazdas\u00e1gban dolgoz\u00f3k b\u00e9re mintegy m\u00e1sf\u00e9lszeres\u00e9re emelkedett, az \u00e9lelmiszeripar fizet\u00e9sei pedig 58 sz\u00e1zal\u00e9kkal n\u0151ttek, emellett az export is 34 sz\u00e1zal\u00e9kkal gyarapodott. A miniszter hozz\u00e1tette: A mez\u0151gazdas\u00e1g \u00fajra vonz\u00f3 meg\u00e9lhet\u00e9si lehet\u0151s\u00e9get jelent a fiatalok sz\u00e1m\u00e1ra is.<br \/>\n<br \/>\n<div style=\"width: 640px;\" class=\"wp-video\"><!--[if lt IE 9]><script>document.createElement('video');<\/script><![endif]-->\n<video class=\"wp-video-shortcode\" id=\"video-8412-1\" width=\"640\" height=\"360\" preload=\"metadata\" controls=\"controls\"><source type=\"video\/mp4\" src=\"\/spots\/hir\/hir_180307_02.mp4?_=1\" \/><a href=\"\/spots\/hir\/hir_180307_02.mp4\">\/spots\/hir\/hir_180307_02.mp4<\/a><\/video><\/div><\/p>\n","protected":false},"excerpt":{"rendered":"<p>Br\u00fcsszel ism\u00e9t a f\u00f6ldspekul\u00e1nsok oldal\u00e1ra \u00e1llt &#8211; mondta a f\u00f6ldm\u0171vel\u00e9s\u00fcgyi miniszter. Fazekas S\u00e1ndor al\u00e1h\u00fazta: az Eur\u00f3pai B\u00edr\u00f3s\u00e1g keddi d\u00f6nt\u00e9s\u00e9vel k\u00e9t esetben is a magyar gazd\u00e1k ellen d\u00f6nt\u00f6tt \u00e9s a k\u00fclf\u00f6ldiek mellett foglalt \u00e1ll\u00e1st a mez\u0151gazdas\u00e1gi f\u00f6ldter\u00fcletek haszon\u00e9lvezet\u00e9re vonatkoz\u00f3 magyar szab\u00e1lyoz\u00e1ssal kapcsolatban. Fazekas S\u00e1ndor kiemelte: -Nem meglep\u0151, de sajn\u00e1latos, hogy Br\u00fcsszel \u00fajra a k\u00fclf\u00f6ldi f\u00f6ldspekul\u00e1nsok oldal\u00e1ra [&hellip;]<\/p>\n","protected":false},"author":2,"featured_media":0,"comment_status":"closed","ping_status":"closed","sticky":false,"template":"","format":"standard","meta":[],"categories":[9],"tags":[],"_links":{"self":[{"href":"http:\/\/archiv.szolnoktv.hu\/index.php?rest_route=\/wp\/v2\/posts\/8412"}],"collection":[{"href":"http:\/\/archiv.szolnoktv.hu\/index.php?rest_route=\/wp\/v2\/posts"}],"about":[{"href":"http:\/\/archiv.szolnoktv.hu\/index.php?rest_route=\/wp\/v2\/types\/post"}],"author":[{"embeddable":true,"href":"http:\/\/archiv.szolnoktv.hu\/index.php?rest_route=\/wp\/v2\/users\/2"}],"replies":[{"embeddable":true,"href":"http:\/\/archiv.szolnoktv.hu\/index.php?rest_route=%2Fwp%2Fv2%2Fcomments&post=8412"}],"version-history":[{"count":1,"href":"http:\/\/archiv.szolnoktv.hu\/index.php?rest_route=\/wp\/v2\/posts\/8412\/revisions"}],"predecessor-version":[{"id":8421,"href":"http:\/\/archiv.szolnoktv.hu\/index.php?rest_route=\/wp\/v2\/posts\/8412\/revisions\/8421"}],"wp:attachment":[{"href":"http:\/\/archiv.szolnoktv.hu\/index.php?rest_route=%2Fwp%2Fv2%2Fmedia&parent=8412"}],"wp:term":[{"taxonomy":"category","embeddable":true,"href":"http:\/\/archiv.szolnoktv.hu\/index.php?rest_route=%2Fwp%2Fv2%2Fcategories&post=8412"},{"taxonomy":"post_tag","embeddable":true,"href":"http:\/\/archiv.szolnoktv.hu\/index.php?rest_route=%2Fwp%2Fv2%2Ftags&post=8412"}],"curies":[{"name":"wp","href":"https:\/\/api.w.org\/{rel}","templated":true}]}}