{"id":8411,"date":"2018-03-07T14:33:42","date_gmt":"2018-03-07T14:33:42","guid":{"rendered":"http:\/\/archiv.szolnoktv.hu\/?p=8411"},"modified":"2021-08-13T19:10:56","modified_gmt":"2021-08-13T19:10:56","slug":"balazs-petert-koszontottek","status":"publish","type":"post","link":"http:\/\/archiv.szolnoktv.hu\/?p=8411","title":{"rendered":"Bal\u00e1zs P\u00e9tert k\u00f6sz\u00f6nt\u00f6tt\u00e9k"},"content":{"rendered":"<div class='booster-block booster-read-block'><\/div><p>-Az\u00e9rt vagyok itt, mert egy \u00f6r\u00f6mteli pillanatot szeretne a t\u00e1rsulat \u00e9s \u00e9n megosztani \u00f6n\u00f6kkel. Egy sz\u00fclet\u00e9snapr\u00f3l lenne sz\u00f3.&#8221;<\/p>\n<p>Ezekkel a szavakkal szak\u00edtotta f\u00e9lbe a k\u00f6z\u00f6ns\u00e9g taps vihar\u00e1t Kiss J\u00f3zsef a Szigligeti Sz\u00ednh\u00e1z m\u0171v\u00e9szeti vezet\u0151je. A te\u00e1trumban m\u00e1r t\u00f6bb hete k\u00e9sz\u00fcltek a meglepet\u00e9s k\u00f6sz\u00f6nt\u00e9sre. Bal\u00e1zs P\u00e9ter 2007 \u00f3ta ir\u00e1ny\u00edtja direktork\u00e9nt a t\u00e1rsulatot \u00e9s ny\u00fajt maradand\u00f3 \u00e9lm\u00e9nyeket a sz\u00ednh\u00e1z kedvel\u0151knek. <\/p>\n<p>-Szerte az orsz\u00e1gban egy elismert, nagyon nagyon magas sz\u00ednvonal\u00fa sz\u00ednh\u00e1zat tudhat mag\u00e1\u00e9nak ez a v\u00e1ros. \u00c9n ezt szeretn\u00e9m megk\u00f6sz\u00f6nni P\u00e9ternek \u00e9s azt, hogy mindig abban gondolkodott, hogy Szolnoknak \u00e9s a t\u00e9rs\u00e9g\u00e9nek hogyan lehet pluszt adni. Mert nem csak Szolnokr\u00f3l ez a sz\u00ednh\u00e1z, hanem nagyon sok telep\u00fcl\u00e9s\u00e9r\u0151l a megy\u00e9nek \u00e9s az orsz\u00e1gnak.&#8221;- mondta Szalay Ferenc polg\u00e1rmester.<\/p>\n<p>A J\u00e1szai Mari- \u00e9s Kossuth- d\u00edjas sz\u00ednh\u00e1zigazgat\u00f3t a v\u00e1ros els\u0151 embere a Szolnok V\u00e1ros\u00e9rt Eml\u00e9k\u00e9rem aranyfokozat\u00e1val k\u00f6sz\u00f6nt\u00f6tte. <br \/>Az \u00fcnneps\u00e9gre nem sz\u00e1m\u00edtott a te\u00e1trum vezet\u0151je. \u00c9let\u00e9nek elm\u00falt 11 \u00e9v\u00e9t meghat\u00e1rozta a v\u00e1ros \u00e9s a sz\u00ednh\u00e1z. A t\u00e1rsulattal ez id\u0151 alatt csal\u00e1dd\u00e1 kov\u00e1csol\u00f3dtak. <\/p>\n<p>-Ezt csak meg\u00e9lni lehet. Ezt elmondani csak \u00fagy nem lehet, hogy milyen \u00e9rz\u00e9s ez. El kell jutni ide \u00e9s akkor az ember megtudja. Ha az ember sportol\u00f3, versenyzik \u00e9s r\u00e9szt vesz benne. A r\u00e9szv\u00e9tel sz\u00e1m\u00edt a sz\u00edn\u00e9szi p\u00e1ly\u00e1ban is \u00e9s sz\u00ednh\u00e1zzal kapcsolatos dolgokban is. Az a l\u00e9nyeg, hogy r\u00e9szt vegy\u00fcnk valamilyen form\u00e1ban.&#8221;- mondta Bal\u00e1zs P\u00e9ter a Szigligeti Sz\u00ednh\u00e1z igazgat\u00f3ja. <\/p>\n<p>A k\u00f6sz\u00f6nt\u00e9s a sz\u00ednfalak m\u00f6g\u00f6tt tortav\u00e1g\u00e1ssal \u00e9s aj\u00e1nd\u00e9koz\u00e1ssal folytat\u00f3dott. Bal\u00e1zs P\u00e9ter az \u00fcnnepl\u00e9s mellett kiemelte, hogy a k\u00f6vetkez\u0151 \u00e9vadban is sz\u00e1mos sikeres darabbal v\u00e1rj\u00e1k a Szigligeti Sz\u00ednh\u00e1z k\u00f6z\u00f6ns\u00e9g\u00e9t.<br \/>\n<br \/>\n<div style=\"width: 640px;\" class=\"wp-video\"><!--[if lt IE 9]><script>document.createElement('video');<\/script><![endif]-->\n<video class=\"wp-video-shortcode\" id=\"video-8411-1\" width=\"640\" height=\"360\" preload=\"metadata\" controls=\"controls\"><source type=\"video\/mp4\" src=\"\/spots\/hir\/hir_180307_01.mp4?_=1\" \/><a href=\"\/spots\/hir\/hir_180307_01.mp4\">\/spots\/hir\/hir_180307_01.mp4<\/a><\/video><\/div><\/p>\n","protected":false},"excerpt":{"rendered":"<p>-Az\u00e9rt vagyok itt, mert egy \u00f6r\u00f6mteli pillanatot szeretne a t\u00e1rsulat \u00e9s \u00e9n megosztani \u00f6n\u00f6kkel. Egy sz\u00fclet\u00e9snapr\u00f3l lenne sz\u00f3.&#8221; Ezekkel a szavakkal szak\u00edtotta f\u00e9lbe a k\u00f6z\u00f6ns\u00e9g taps vihar\u00e1t Kiss J\u00f3zsef a Szigligeti Sz\u00ednh\u00e1z m\u0171v\u00e9szeti vezet\u0151je. A te\u00e1trumban m\u00e1r t\u00f6bb hete k\u00e9sz\u00fcltek a meglepet\u00e9s k\u00f6sz\u00f6nt\u00e9sre. Bal\u00e1zs P\u00e9ter 2007 \u00f3ta ir\u00e1ny\u00edtja direktork\u00e9nt a t\u00e1rsulatot \u00e9s ny\u00fajt maradand\u00f3 \u00e9lm\u00e9nyeket [&hellip;]<\/p>\n","protected":false},"author":2,"featured_media":0,"comment_status":"closed","ping_status":"closed","sticky":false,"template":"","format":"standard","meta":[],"categories":[9],"tags":[],"_links":{"self":[{"href":"http:\/\/archiv.szolnoktv.hu\/index.php?rest_route=\/wp\/v2\/posts\/8411"}],"collection":[{"href":"http:\/\/archiv.szolnoktv.hu\/index.php?rest_route=\/wp\/v2\/posts"}],"about":[{"href":"http:\/\/archiv.szolnoktv.hu\/index.php?rest_route=\/wp\/v2\/types\/post"}],"author":[{"embeddable":true,"href":"http:\/\/archiv.szolnoktv.hu\/index.php?rest_route=\/wp\/v2\/users\/2"}],"replies":[{"embeddable":true,"href":"http:\/\/archiv.szolnoktv.hu\/index.php?rest_route=%2Fwp%2Fv2%2Fcomments&post=8411"}],"version-history":[{"count":1,"href":"http:\/\/archiv.szolnoktv.hu\/index.php?rest_route=\/wp\/v2\/posts\/8411\/revisions"}],"predecessor-version":[{"id":8422,"href":"http:\/\/archiv.szolnoktv.hu\/index.php?rest_route=\/wp\/v2\/posts\/8411\/revisions\/8422"}],"wp:attachment":[{"href":"http:\/\/archiv.szolnoktv.hu\/index.php?rest_route=%2Fwp%2Fv2%2Fmedia&parent=8411"}],"wp:term":[{"taxonomy":"category","embeddable":true,"href":"http:\/\/archiv.szolnoktv.hu\/index.php?rest_route=%2Fwp%2Fv2%2Fcategories&post=8411"},{"taxonomy":"post_tag","embeddable":true,"href":"http:\/\/archiv.szolnoktv.hu\/index.php?rest_route=%2Fwp%2Fv2%2Ftags&post=8411"}],"curies":[{"name":"wp","href":"https:\/\/api.w.org\/{rel}","templated":true}]}}