{"id":8410,"date":"2018-03-06T19:01:11","date_gmt":"2018-03-06T19:01:11","guid":{"rendered":"http:\/\/archiv.szolnoktv.hu\/?p=8410"},"modified":"2021-08-13T19:10:57","modified_gmt":"2021-08-13T19:10:57","slug":"ujabb-orszaggyulesi-valasztasokkal-kapcsolatos-hatarido-jart-le","status":"publish","type":"post","link":"http:\/\/archiv.szolnoktv.hu\/?p=8410","title":{"rendered":"\u00dajabb orsz\u00e1ggy\u0171l\u00e9si v\u00e1laszt\u00e1sokkal kapcsolatos hat\u00e1rid\u0151 j\u00e1rt le"},"content":{"rendered":"<div class='booster-block booster-read-block'><\/div><p>A politikai p\u00e1rtok \u00e9s a jel\u00f6l\u0151szervezetek ma 16 \u00f3r\u00e1ig jelenthett\u00e9k be orsz\u00e1gos lista\u00e1ll\u00edt\u00e1si ig\u00e9ny\u00fcket a Nemzeti V\u00e1laszt\u00e1si Bizotts\u00e1gn\u00e1l. Ennek felt\u00e9tele, hogy legal\u00e1bb 9 megy\u00e9ben \u00e9s a f\u0151v\u00e1rosban legkevesebb 27 egy\u00e9ni v\u00e1laszt\u00f3ker\u00fcletben legyen nyilv\u00e1ntart\u00e1sba vett jel\u00f6ltje az adott szervezetnek. A www.valasztas.hu adatai szerint a megadott hat\u00e1rid\u0151ig 23 orsz\u00e1gos list\u00e1t jelentettek be. A list\u00e1k nyilv\u00e1ntart\u00e1sba v\u00e9tel\u00e9r\u0151l a Nemzeti V\u00e1laszt\u00e1si Bizotts\u00e1g d\u00f6nt, az ez \u00fcgyben meghozott hat\u00e1rozatok ellen m\u00e1rcius 9-\u00e9n, p\u00e9nteken 16 \u00f3r\u00e1ig lehet jogorvoslattal \u00e9lni. \u00c1prilis 8-\u00e1n az egy\u00e9ni jel\u00f6ltek mellett az orsz\u00e1gos list\u00e1n szerepl\u0151kre is voksolhatnak a magyarorsz\u00e1gi lakc\u00edmmel rendelkez\u0151 v\u00e1laszt\u00f3polg\u00e1rok, m\u00edg a k\u00fclhoni magyar \u00e1llampolg\u00e1rok, ha m\u00e1rcius 24-ig regisztr\u00e1lnak, csak az orsz\u00e1gos list\u00e1kra szavazhatnak lev\u00e9lben. Ugyancsak ma d\u00e9lut\u00e1n 4 \u00f3r\u00e1ig kellett leadni azokat a kor\u00e1bban \u00e1tvett aj\u00e1nl\u00f3\u00edveket is a helyi v\u00e1laszt\u00e1si irod\u00e1kon, amelyeken nem szerepelt al\u00e1\u00edr\u00e1s. A mulaszt\u00f3kkal szemben b\u00edrs\u00e1got szabnak ki, ennek \u00f6sszege minden be nem ny\u00fajtott aj\u00e1nl\u00f3\u00edv ut\u00e1n t\u00edzezer forint.<br \/>\n<br \/>\n<div style=\"width: 640px;\" class=\"wp-video\"><!--[if lt IE 9]><script>document.createElement('video');<\/script><![endif]-->\n<video class=\"wp-video-shortcode\" id=\"video-8410-1\" width=\"640\" height=\"360\" preload=\"metadata\" controls=\"controls\"><source type=\"video\/mp4\" src=\"\/spots\/hir\/hir_180306_05.mp4?_=1\" \/><a href=\"\/spots\/hir\/hir_180306_05.mp4\">\/spots\/hir\/hir_180306_05.mp4<\/a><\/video><\/div><\/p>\n","protected":false},"excerpt":{"rendered":"<p>A politikai p\u00e1rtok \u00e9s a jel\u00f6l\u0151szervezetek ma 16 \u00f3r\u00e1ig jelenthett\u00e9k be orsz\u00e1gos lista\u00e1ll\u00edt\u00e1si ig\u00e9ny\u00fcket a Nemzeti V\u00e1laszt\u00e1si Bizotts\u00e1gn\u00e1l. Ennek felt\u00e9tele, hogy legal\u00e1bb 9 megy\u00e9ben \u00e9s a f\u0151v\u00e1rosban legkevesebb 27 egy\u00e9ni v\u00e1laszt\u00f3ker\u00fcletben legyen nyilv\u00e1ntart\u00e1sba vett jel\u00f6ltje az adott szervezetnek. A www.valasztas.hu adatai szerint a megadott hat\u00e1rid\u0151ig 23 orsz\u00e1gos list\u00e1t jelentettek be. A list\u00e1k nyilv\u00e1ntart\u00e1sba v\u00e9tel\u00e9r\u0151l a [&hellip;]<\/p>\n","protected":false},"author":2,"featured_media":0,"comment_status":"closed","ping_status":"closed","sticky":false,"template":"","format":"standard","meta":[],"categories":[9],"tags":[],"_links":{"self":[{"href":"http:\/\/archiv.szolnoktv.hu\/index.php?rest_route=\/wp\/v2\/posts\/8410"}],"collection":[{"href":"http:\/\/archiv.szolnoktv.hu\/index.php?rest_route=\/wp\/v2\/posts"}],"about":[{"href":"http:\/\/archiv.szolnoktv.hu\/index.php?rest_route=\/wp\/v2\/types\/post"}],"author":[{"embeddable":true,"href":"http:\/\/archiv.szolnoktv.hu\/index.php?rest_route=\/wp\/v2\/users\/2"}],"replies":[{"embeddable":true,"href":"http:\/\/archiv.szolnoktv.hu\/index.php?rest_route=%2Fwp%2Fv2%2Fcomments&post=8410"}],"version-history":[{"count":1,"href":"http:\/\/archiv.szolnoktv.hu\/index.php?rest_route=\/wp\/v2\/posts\/8410\/revisions"}],"predecessor-version":[{"id":8423,"href":"http:\/\/archiv.szolnoktv.hu\/index.php?rest_route=\/wp\/v2\/posts\/8410\/revisions\/8423"}],"wp:attachment":[{"href":"http:\/\/archiv.szolnoktv.hu\/index.php?rest_route=%2Fwp%2Fv2%2Fmedia&parent=8410"}],"wp:term":[{"taxonomy":"category","embeddable":true,"href":"http:\/\/archiv.szolnoktv.hu\/index.php?rest_route=%2Fwp%2Fv2%2Fcategories&post=8410"},{"taxonomy":"post_tag","embeddable":true,"href":"http:\/\/archiv.szolnoktv.hu\/index.php?rest_route=%2Fwp%2Fv2%2Ftags&post=8410"}],"curies":[{"name":"wp","href":"https:\/\/api.w.org\/{rel}","templated":true}]}}