{"id":8409,"date":"2018-03-06T17:31:04","date_gmt":"2018-03-06T17:31:04","guid":{"rendered":"http:\/\/archiv.szolnoktv.hu\/?p=8409"},"modified":"2021-08-13T19:10:57","modified_gmt":"2021-08-13T19:10:57","slug":"esely-oran-jartam-rajzpalyazat-eredmenyhirdetes","status":"publish","type":"post","link":"http:\/\/archiv.szolnoktv.hu\/?p=8409","title":{"rendered":"Es\u00e9ly \u00f3r\u00e1n j\u00e1rtam rajzp\u00e1ly\u00e1zat eredm\u00e9nyhirdet\u00e9s"},"content":{"rendered":"<div class='booster-block booster-read-block'><\/div><p>A megye sz\u00e1mos \u00e1ltal\u00e1nos \u00e9s k\u00f6z\u00e9piskol\u00e1j\u00e1ban hirdett\u00e9k meg az Es\u00e9ly \u00f3r\u00e1n j\u00e1rtam rajzp\u00e1ly\u00e1zatot. A gyerekeknek az \u00f3r\u00e1n tanultakr\u00f3l, illetve arr\u00f3l kellett rajzot k\u00e9sz\u00edteni, hogyan \u00e9s mik\u00e9nt seg\u00edthetik a fogyat\u00e9kkal \u00e9l\u0151ket. Az els\u0151 helyezett a Tiszaparti R\u00f3mai Katolikus \u00c1ltal\u00e1nos Iskola kisdi\u00e1kja: Veress Ol\u00edvia lett, aki \u00edgy v\u00e9lekedik a s\u00e9r\u00fcltek egyik seg\u00edt\u00e9si m\u00f3dj\u00e1r\u00f3l.<\/p>\n<p>-Hogy p\u00e9ld\u00e1ul a vakvezet\u0151 megfogja a kuty\u00e1nak a p\u00f3r\u00e1z\u00e1t \u00e9s vezeti el oda, mert \u0151k ki vannak k\u00e9pezve.&#8221;<\/p>\n<p>Szolnok megy\u00e9be imm\u00e1ron 6. \u00e9ve van lehet\u0151s\u00e9g Es\u00e9ly \u00f3r\u00e1kon r\u00e9szt venni. Ezzel a feladattal a k\u00f6zalap\u00edtv\u00e1ny az \u00c9n Is Vagyok Mozg\u00e1ss\u00e9r\u00fclt Gener\u00e1ci\u00f3k \u00c9rdekv\u00e9delmi Egyes\u00fclet\u00e9t b\u00edzta meg. Az egyes\u00fclet eln\u00f6ke: Feh\u00e9rv\u00e1ri T\u00fcnde kiemelte, nincs k\u00e9t egyforma Es\u00e9ly \u00f3ra. Ezeken az alkalmakon \u00e9rz\u00e9keny\u00edt\u00e9sek t\u00f6rt\u00e9nnek, s a tapasztalatok alapj\u00e1n elmondhat\u00f3, \u00e9rezhet\u0151 eredm\u00e9nnyel. Azokban az int\u00e9zm\u00e9nyekben, ahol a kisiskol\u00e1sok r\u00e9szt vettek m\u00e1r Es\u00e9ly \u00f3r\u00e1kon, a gyerekek empatikusabban fordultak mozg\u00e1ss\u00e9r\u00fclt t\u00e1rsaikhoz. <\/p>\n<p>-Nagyon \u00e9rdekes \u00e9s izgalmas ez a feladat, mert a gyerekekkel besz\u00e9lget\u00fcnk a mozg\u00e1ss\u00e9r\u00fcltek mindennapjair\u00f3l. \u00c9s ez egy nagyon interakt\u00edv \u00f3ra, teh\u00e1t itt a gyerekek k\u00e9rdezhetnek, jelentkez\u00e9s alapj\u00e1n belesz\u00f3lhatnak, v\u00e9lem\u00e9nyt form\u00e1lhatnak, v\u00e9lem\u00e9nyt mondhatnak. Azokat a dolgokat, amivel nincsenek tiszt\u00e1ban esetleg, azokat pontos\u00edtjuk. Olyan, mindenkinek a saj\u00e1t kor\u00e1nak megfelel\u0151 m\u00f3don, megpr\u00f3b\u00e1ljuk elmondani azt, hogy a mozg\u00e1ss\u00e9r\u00fcltek ugyan olyan emberek, mint a t\u00e1rsadalom b\u00e1rmely tagja.&#8221;<\/p>\n<p>Az Es\u00e9ly \u00f3r\u00e1kra az alap\u00edtv\u00e1ny honlapj\u00e1n tal\u00e1lhat\u00f3 el\u00e9rhet\u0151s\u00e9gen jelentkezhetnek az oktat\u00e1si-nevel\u00e9si int\u00e9zm\u00e9nyek. <\/p>\n<p>-Az Emberi Er\u0151forr\u00e1sok Miniszt\u00e9riuma t\u00f6bb mint 14 \u00e9ve t\u00e1mogatja azt a programot, amelynek az alapvet\u0151 c\u00e9lja, hogy a t\u00e1rsadalmi szeml\u00e9letet form\u00e1lja: ez a Csal\u00e1d, Es\u00e9lyteremt\u00e9si \u00e9s \u00d6nk\u00e9ntes H\u00e1z program. Mivel a szeml\u00e9letform\u00e1l\u00e1s egy kiemelt ter\u00fclet, \u00fagy gondoljuk, hogy nem lehet el\u00e9g kor\u00e1n kezdeni, hogy megismertess\u00fck a k\u00fcl\u00f6nb\u00f6z\u0151 neh\u00e9zs\u00e9gekkel, k\u00fcl\u00f6nb\u00f6z\u0151 fogyat\u00e9koss\u00e1ggal \u00e9l\u0151 embert\u00e1rsainkat.&#8221; -nyilatkozta Dr. Nagyn\u00e9 Varga Ilona, a JNSZ Megyei Csal\u00e1d, Es\u00e9lyteremt\u00e9si \u00e9s \u00d6nk\u00e9ntes H\u00e1z igazgat\u00f3ja.<\/p>\n<p>Az \u00daj Nemzed\u00e9k k\u00f6z\u00f6ss\u00e9gi t\u00e9r a 12-25 \u00e9ves koroszt\u00e1ly sz\u00e1m\u00e1ra \u00e1ll rendelkez\u00e9sre minden h\u00e9tk\u00f6znap d\u00e9lt\u0151l este 6-ig \u00e9s ig\u00e9ny szerint h\u00e9tv\u00e9g\u00e9n is. A k\u00f6z\u00f6ss\u00e9gi t\u00e9rben egy\u00e9ni \u00e9s csoportos tan\u00e1csad\u00e1sra, csapat\u00e9p\u00edt\u0151 tr\u00e9ningekre \u00e9s ak\u00e1r rendhagy\u00f3 oszt\u00e1lyf\u0151n\u00f6ki \u00f3r\u00e1k tart\u00e1s\u00e1ra is lehet\u0151s\u00e9g ny\u00edlik.<br \/>\n<br \/>\n<div style=\"width: 640px;\" class=\"wp-video\"><!--[if lt IE 9]><script>document.createElement('video');<\/script><![endif]-->\n<video class=\"wp-video-shortcode\" id=\"video-8409-1\" width=\"640\" height=\"360\" preload=\"metadata\" controls=\"controls\"><source type=\"video\/mp4\" src=\"\/spots\/hir\/hir_180306_06.mp4?_=1\" \/><a href=\"\/spots\/hir\/hir_180306_06.mp4\">\/spots\/hir\/hir_180306_06.mp4<\/a><\/video><\/div><\/p>\n","protected":false},"excerpt":{"rendered":"<p>A megye sz\u00e1mos \u00e1ltal\u00e1nos \u00e9s k\u00f6z\u00e9piskol\u00e1j\u00e1ban hirdett\u00e9k meg az Es\u00e9ly \u00f3r\u00e1n j\u00e1rtam rajzp\u00e1ly\u00e1zatot. A gyerekeknek az \u00f3r\u00e1n tanultakr\u00f3l, illetve arr\u00f3l kellett rajzot k\u00e9sz\u00edteni, hogyan \u00e9s mik\u00e9nt seg\u00edthetik a fogyat\u00e9kkal \u00e9l\u0151ket. Az els\u0151 helyezett a Tiszaparti R\u00f3mai Katolikus \u00c1ltal\u00e1nos Iskola kisdi\u00e1kja: Veress Ol\u00edvia lett, aki \u00edgy v\u00e9lekedik a s\u00e9r\u00fcltek egyik seg\u00edt\u00e9si m\u00f3dj\u00e1r\u00f3l. -Hogy p\u00e9ld\u00e1ul a vakvezet\u0151 [&hellip;]<\/p>\n","protected":false},"author":2,"featured_media":0,"comment_status":"closed","ping_status":"closed","sticky":false,"template":"","format":"standard","meta":[],"categories":[9],"tags":[],"_links":{"self":[{"href":"http:\/\/archiv.szolnoktv.hu\/index.php?rest_route=\/wp\/v2\/posts\/8409"}],"collection":[{"href":"http:\/\/archiv.szolnoktv.hu\/index.php?rest_route=\/wp\/v2\/posts"}],"about":[{"href":"http:\/\/archiv.szolnoktv.hu\/index.php?rest_route=\/wp\/v2\/types\/post"}],"author":[{"embeddable":true,"href":"http:\/\/archiv.szolnoktv.hu\/index.php?rest_route=\/wp\/v2\/users\/2"}],"replies":[{"embeddable":true,"href":"http:\/\/archiv.szolnoktv.hu\/index.php?rest_route=%2Fwp%2Fv2%2Fcomments&post=8409"}],"version-history":[{"count":1,"href":"http:\/\/archiv.szolnoktv.hu\/index.php?rest_route=\/wp\/v2\/posts\/8409\/revisions"}],"predecessor-version":[{"id":8424,"href":"http:\/\/archiv.szolnoktv.hu\/index.php?rest_route=\/wp\/v2\/posts\/8409\/revisions\/8424"}],"wp:attachment":[{"href":"http:\/\/archiv.szolnoktv.hu\/index.php?rest_route=%2Fwp%2Fv2%2Fmedia&parent=8409"}],"wp:term":[{"taxonomy":"category","embeddable":true,"href":"http:\/\/archiv.szolnoktv.hu\/index.php?rest_route=%2Fwp%2Fv2%2Fcategories&post=8409"},{"taxonomy":"post_tag","embeddable":true,"href":"http:\/\/archiv.szolnoktv.hu\/index.php?rest_route=%2Fwp%2Fv2%2Ftags&post=8409"}],"curies":[{"name":"wp","href":"https:\/\/api.w.org\/{rel}","templated":true}]}}