{"id":8408,"date":"2018-03-06T16:05:13","date_gmt":"2018-03-06T16:05:13","guid":{"rendered":"http:\/\/archiv.szolnoktv.hu\/?p=8408"},"modified":"2021-08-13T19:10:57","modified_gmt":"2021-08-13T19:10:57","slug":"reptar-meltatasa","status":"publish","type":"post","link":"http:\/\/archiv.szolnoktv.hu\/?p=8408","title":{"rendered":"RepT\u00e1r m\u00e9ltat\u00e1sa"},"content":{"rendered":"<div class='booster-block booster-read-block'><\/div><p>Az Eur\u00f3pai Uni\u00f3 t\u00e1mogat\u00e1spolitik\u00e1ja igen sokr\u00e9t\u0171. T\u00f6bbek k\u00f6z\u00f6tt nem csak oktat\u00e1si-nevel\u00e9si int\u00e9zm\u00e9nyek, k\u00f3rh\u00e1zakt, k\u00f6zutak fel\u00faj\u00edt\u00e1s\u00e1t finansz\u00edrozz\u00e1k, hanem a turisztikai beruh\u00e1z\u00e1sokra is nagy hangs\u00falyt fektetnek. Az Eur\u00f3pai Bizotts\u00e1g \u00f6t magyarorsz\u00e1gi fejleszt\u00e9sere h\u00edvta fel a figyelmet:<\/p>\n<p>-Ebben az \u00f6ssze\u00e1ll\u00edt\u00e1sban 5 olyan beruh\u00e1z\u00e1st v\u00e1lasztottunk ki, amelyek megv\u00e1ltoztatt\u00e1k egy-egy v\u00e1rosnak az \u00e9let\u00e9t. \u00c9s itt a Szolnoki Rept\u00e1r projektet egy nagyon j\u00f3 p\u00e9ld\u00e1nak tartottuk. Egy elhanyagolt ter\u00fcletb\u0151l lett egy turista csalogat\u00f3 hely. Ugye 2016-ban elnyerte az \u00e9v turisztikai attrakci\u00f3j\u00e1nak j\u00e1r\u00f3 c\u00edmet, teh\u00e1t ez egy olyan k\u00f6zeg, amit \u00e9rdemesnek tartottunk arra, hogy bev\u00e1logassuk ebbe a v\u00e1logat\u00e1sba.&#8221; -mondta Maksi M\u00e1ty\u00e1s, az Eur\u00f3pai Bizotts\u00e1g sajt\u00f3attas\u00e9ja.<\/p>\n<p>Az Eur\u00f3pai Bizotts\u00e1g olyan jelent\u0151s fejleszt\u00e9sekkel eml\u00edti egy lapon a Szolnoki Rep\u00fcl\u0151m\u00fazeumot, mint a p\u00e9csi Zsolnay negyed vagy a gy\u0151ri Sz\u00e9chenyi t\u00e9r. A RepT\u00e1r 2016-os nyit\u00e1sa nemcsak egy kor\u00e1bban elhanyagolt szolnoki ter\u00fclet rehabilit\u00e1ci\u00f3j\u00e1ban j\u00e1tszott jelent\u0151s szerepet, hanem l\u00e1togatotts\u00e1g\u00e1val nagyban hozz\u00e1j\u00e1rul a v\u00e1ros turisztikai vonzerej\u00e9nek fokoz\u00e1s\u00e1hoz.<\/p>\n<p>-Ez nem egy olyan c\u00edm, amit k\u00f6telez\u0151en adnak, hanem ezt ki kellett \u00e9rdemelni \u00e9s nagyon b\u00fcszk\u00e9k vagyunk arra, hogy t\u00e9nyleg egy olyat tudtunk produk\u00e1lni, egy olyat mutattunk, amivel kiv\u00edvtuk az Eur\u00f3pai Uni\u00f3 figyelm\u00e9t is. \u00c9s megkerestek benn\u00fcnket -ez m\u00e9g a tavalyi esztend\u0151ben volt- hogy Magyarorsz\u00e1gr\u00f3l van p\u00e1r projekt, amit szeretn\u00e9nek mintak\u00e9ppen \u00e1ll\u00edtani orsz\u00e1g vil\u00e1g el\u00e9 \u00e9s hogy a Rept\u00e1r- Interakt\u00edv Rep\u00fcl\u0151m\u00fazeum lenne az egyik ilyen attrakci\u00f3, ami ugye 100%-os EU-s t\u00e1mogat\u00e1ssal \u00e9p\u00fclt.&#8221;-nyilatkozta Kov\u00e1cs \u00c1kos, a RepT\u00e1r-Szolnoki Rep\u00fcl\u0151m\u00fazeum \u00fcgyvezet\u0151 igazgat\u00f3ja.<\/p>\n<p>Haz\u00e1nkban t\u00f6bb mint sz\u00e1zezer munkahely j\u00f6tt l\u00e9tre k\u00f6zvetlen\u00fcl a 2007-2013-as uni\u00f3s ciklusban. Magyarorsz\u00e1g a 2014-2020-as ciklus alatt 1300 milli\u00e1rd forintnyi uni\u00f3s forr\u00e1st ford\u00edt telep\u00fcl\u00e9s-\u00e9s ter\u00fcletfejleszt\u00e9sre, melyb\u0151l 15 milli\u00e1rd forint Szolnokra, tov\u00e1bbi 54 milli\u00e1rd forint pedig J\u00e1sz-Nagykun Szolnok megye k\u00f6zleked\u00e9si, oktat\u00e1si, infrastruktur\u00e1lis innov\u00e1ci\u00f3j\u00e1ra jut.<br \/>\n<br \/>\n<div style=\"width: 640px;\" class=\"wp-video\"><!--[if lt IE 9]><script>document.createElement('video');<\/script><![endif]-->\n<video class=\"wp-video-shortcode\" id=\"video-8408-1\" width=\"640\" height=\"360\" preload=\"metadata\" controls=\"controls\"><source type=\"video\/mp4\" src=\"\/spots\/hir\/hir_180306_04.mp4?_=1\" \/><a href=\"\/spots\/hir\/hir_180306_04.mp4\">\/spots\/hir\/hir_180306_04.mp4<\/a><\/video><\/div><\/p>\n","protected":false},"excerpt":{"rendered":"<p>Az Eur\u00f3pai Uni\u00f3 t\u00e1mogat\u00e1spolitik\u00e1ja igen sokr\u00e9t\u0171. T\u00f6bbek k\u00f6z\u00f6tt nem csak oktat\u00e1si-nevel\u00e9si int\u00e9zm\u00e9nyek, k\u00f3rh\u00e1zakt, k\u00f6zutak fel\u00faj\u00edt\u00e1s\u00e1t finansz\u00edrozz\u00e1k, hanem a turisztikai beruh\u00e1z\u00e1sokra is nagy hangs\u00falyt fektetnek. Az Eur\u00f3pai Bizotts\u00e1g \u00f6t magyarorsz\u00e1gi fejleszt\u00e9sere h\u00edvta fel a figyelmet: -Ebben az \u00f6ssze\u00e1ll\u00edt\u00e1sban 5 olyan beruh\u00e1z\u00e1st v\u00e1lasztottunk ki, amelyek megv\u00e1ltoztatt\u00e1k egy-egy v\u00e1rosnak az \u00e9let\u00e9t. \u00c9s itt a Szolnoki Rept\u00e1r projektet egy [&hellip;]<\/p>\n","protected":false},"author":2,"featured_media":0,"comment_status":"closed","ping_status":"closed","sticky":false,"template":"","format":"standard","meta":[],"categories":[9],"tags":[],"_links":{"self":[{"href":"http:\/\/archiv.szolnoktv.hu\/index.php?rest_route=\/wp\/v2\/posts\/8408"}],"collection":[{"href":"http:\/\/archiv.szolnoktv.hu\/index.php?rest_route=\/wp\/v2\/posts"}],"about":[{"href":"http:\/\/archiv.szolnoktv.hu\/index.php?rest_route=\/wp\/v2\/types\/post"}],"author":[{"embeddable":true,"href":"http:\/\/archiv.szolnoktv.hu\/index.php?rest_route=\/wp\/v2\/users\/2"}],"replies":[{"embeddable":true,"href":"http:\/\/archiv.szolnoktv.hu\/index.php?rest_route=%2Fwp%2Fv2%2Fcomments&post=8408"}],"version-history":[{"count":1,"href":"http:\/\/archiv.szolnoktv.hu\/index.php?rest_route=\/wp\/v2\/posts\/8408\/revisions"}],"predecessor-version":[{"id":8425,"href":"http:\/\/archiv.szolnoktv.hu\/index.php?rest_route=\/wp\/v2\/posts\/8408\/revisions\/8425"}],"wp:attachment":[{"href":"http:\/\/archiv.szolnoktv.hu\/index.php?rest_route=%2Fwp%2Fv2%2Fmedia&parent=8408"}],"wp:term":[{"taxonomy":"category","embeddable":true,"href":"http:\/\/archiv.szolnoktv.hu\/index.php?rest_route=%2Fwp%2Fv2%2Fcategories&post=8408"},{"taxonomy":"post_tag","embeddable":true,"href":"http:\/\/archiv.szolnoktv.hu\/index.php?rest_route=%2Fwp%2Fv2%2Ftags&post=8408"}],"curies":[{"name":"wp","href":"https:\/\/api.w.org\/{rel}","templated":true}]}}