{"id":8407,"date":"2018-03-06T14:52:38","date_gmt":"2018-03-06T14:52:38","guid":{"rendered":"http:\/\/archiv.szolnoktv.hu\/?p=8407"},"modified":"2021-08-13T19:10:57","modified_gmt":"2021-08-13T19:10:57","slug":"fazekas-magdolnat-koszontottek-85-szuletesnapjan","status":"publish","type":"post","link":"http:\/\/archiv.szolnoktv.hu\/?p=8407","title":{"rendered":"Fazekas Magdoln\u00e1t k\u00f6sz\u00f6nt\u00f6tt\u00e9k 85. sz\u00fclet\u00e9snapj\u00e1n"},"content":{"rendered":"<div class='booster-block booster-read-block'><\/div><p>K\u00f6nnyekig meghat\u00f3dott a meglepet\u00e9s  sz\u00fclet\u00e9snapi k\u00f6sz\u00f6nt\u00e9sen Fazekas Magdolna fest\u0151m\u0171v\u00e9sz. A 85 esztend\u0151s m\u0171v\u00e9szt egy mez\u0151t\u00fari t\u00e1rlat k\u00e9peinek kiv\u00e1logat\u00e1s\u00e1ra csalt\u00e1k \u00e1t  a M\u0171v\u00e9sztelep kertgal\u00e9ri\u00e1j\u00e1ra. Mivel 4-\u00e9n  vas\u00e1rnap, sz\u00fclet\u00e9se napj\u00e1n t\u00f6bben is felk\u00f6sz\u00f6nt\u00f6tt\u00e9k, egy\u00e1ltal\u00e1n nem sz\u00e1m\u00edtott a nagyszab\u00e1s\u00fa meglepet\u00e9sre. A m\u0171v\u00e9sztelep nagy csal\u00e1dj\u00e1nak tagjai, koll\u00e9g\u00e1i, bar\u00e1tai, tan\u00edtv\u00e1nyai, a szolnoki int\u00e9zm\u00e9nyek vezet\u0151i, a korm\u00e1nymegb\u00edzott, a polg\u00e1rmester mind sz\u00f6vetkeztek a meglepet\u00e9s siker\u00e9\u00e9rt. Az aj\u00e1nd\u00e9kok, j\u00f3k\u00edv\u00e1ns\u00e1gok sora vid\u00e1m egy\u00fcttl\u00e9tet teremtett. \u00d6lel\u00e9sek, szeretetteljes szavak m\u00e9ltatt\u00e1k Fazekas Magdoln\u00e1t sz\u00fclet\u00e9snapja alkalm\u00e1b\u00f3l, aki egy k\u00fcl\u00f6nleges d\u00edjat is kapott. <\/p>\n<p> Szalay Ferenc polg\u00e1rmester Szolnok: <\/p>\n<p>-&#8220;Van egy olyan lehet\u0151s\u00e9ge v\u00e1rosnak  hogy a v\u00e1ros az arra \u00e9rdemeseknek egy olyan eml\u00e9k\u00e9rmet ad, ami egyedi \u00e9s nagyon ritka. Ez a Szolnok\u00e9rt eml\u00e9k\u00e9rem, ennek van arany, ez\u00fcst \u00e9s bronz fokozata.&#8221;<\/p>\n<p>Mivel gy\u00e9m\u00e1nt m\u00e9g nincs-emelte ki Szalay Ferenc, a 60 \u00e9ve Szolnokon \u00e9l\u0151 \u00e9s alkot\u00f3 Magdi n\u00e9ni az arany fokozatot vehette \u00e1t Szolnok polg\u00e1rmester\u00e9t\u0151l. <\/p>\n<p>Fazekas Magdolna fest\u0151m\u0171v\u00e9sz: <\/p>\n<p>-&#8220;Nekem ez, hogy ennyi id\u0151s vagyok, l\u00e9lekben nem \u00e9rzem ezt, mert az \u00e9n hitem szerint a l\u00e9lek \u00f6r\u00f6k \u00e9s v\u00e1ltozatlan, f\u00fcggetlen az \u00e9letkort\u00f3l. Legal\u00e1bbis ezt \u00e9n \u00edgy tapasztaltam. Ebben nagy r\u00e9sze van annak, hogy a J\u00f3istent\u0151l ezt a feladatot kaptam, ezt az adom\u00e1nyt, hogy ezt m\u0171velhetem. &#8211;<\/p>\n<p>A sz\u00fclet\u00e9snapi meglepet\u00e9s, pezsg\u0151vel, m\u00e1lnasz\u00f6rppel, tripla csokis tort\u00e1val, t\u0171zij\u00e1t\u00e9kkal \u00e9s kedves besz\u00e9lget\u00e9sekkel egy csod\u00e1latos d\u00e9lut\u00e1nt var\u00e1zsolt a M\u0171v\u00e9sztelepre-mondta Magdi n\u00e9ni. Aki utalt akt\u00edv \u00e9let\u00e9re is.  <\/p>\n<p>Fazekas Magdolna fest\u0151m\u0171v\u00e9sz:<\/p>\n<p>-&#8220;Azt mondj\u00e1k, hogy &#8211; M\u00e9g tetszik festegetni?&#8221;- El\u0151sz\u00f6r is nem festegetek, hanem festek, m\u00e1sodszor pedig nem m\u00e9g, hanem am\u00edg \u00e9lek.  Teh\u00e1t ez \u00e9letfogytiglan tart. &#8211;<\/p>\n<p> Olyannyira, hogy az \u00fcnnepl\u00e9st k\u00f6vet\u0151en azonnal munk\u00e1hoz l\u00e1tott a mez\u0151t\u00fari alkot\u00f3telep alap\u00edt\u00f3jak\u00e9nt is ismert m\u0171v\u00e9szn\u0151, \u00e9s  \u00f6sszev\u00e1logatt\u00e1k azokat az alkot\u00e1sait, amelyeket hamarosan egy mez\u0151t\u00fari t\u00e1rlaton l\u00e1that majd a k\u00f6z\u00f6ns\u00e9g. <\/p>\n<div style=\"width: 640px;\" class=\"wp-video\"><!--[if lt IE 9]><script>document.createElement('video');<\/script><![endif]-->\n<video class=\"wp-video-shortcode\" id=\"video-8407-1\" width=\"640\" height=\"360\" preload=\"metadata\" controls=\"controls\"><source type=\"video\/mp4\" src=\"\/spots\/hir\/hir_180306_01.mp4?_=1\" \/><a href=\"\/spots\/hir\/hir_180306_01.mp4\">\/spots\/hir\/hir_180306_01.mp4<\/a><\/video><\/div>\n","protected":false},"excerpt":{"rendered":"<p>K\u00f6nnyekig meghat\u00f3dott a meglepet\u00e9s sz\u00fclet\u00e9snapi k\u00f6sz\u00f6nt\u00e9sen Fazekas Magdolna fest\u0151m\u0171v\u00e9sz. A 85 esztend\u0151s m\u0171v\u00e9szt egy mez\u0151t\u00fari t\u00e1rlat k\u00e9peinek kiv\u00e1logat\u00e1s\u00e1ra csalt\u00e1k \u00e1t a M\u0171v\u00e9sztelep kertgal\u00e9ri\u00e1j\u00e1ra. Mivel 4-\u00e9n vas\u00e1rnap, sz\u00fclet\u00e9se napj\u00e1n t\u00f6bben is felk\u00f6sz\u00f6nt\u00f6tt\u00e9k, egy\u00e1ltal\u00e1n nem sz\u00e1m\u00edtott a nagyszab\u00e1s\u00fa meglepet\u00e9sre. A m\u0171v\u00e9sztelep nagy csal\u00e1dj\u00e1nak tagjai, koll\u00e9g\u00e1i, bar\u00e1tai, tan\u00edtv\u00e1nyai, a szolnoki int\u00e9zm\u00e9nyek vezet\u0151i, a korm\u00e1nymegb\u00edzott, a polg\u00e1rmester mind sz\u00f6vetkeztek [&hellip;]<\/p>\n","protected":false},"author":2,"featured_media":0,"comment_status":"closed","ping_status":"closed","sticky":false,"template":"","format":"standard","meta":[],"categories":[9],"tags":[],"_links":{"self":[{"href":"http:\/\/archiv.szolnoktv.hu\/index.php?rest_route=\/wp\/v2\/posts\/8407"}],"collection":[{"href":"http:\/\/archiv.szolnoktv.hu\/index.php?rest_route=\/wp\/v2\/posts"}],"about":[{"href":"http:\/\/archiv.szolnoktv.hu\/index.php?rest_route=\/wp\/v2\/types\/post"}],"author":[{"embeddable":true,"href":"http:\/\/archiv.szolnoktv.hu\/index.php?rest_route=\/wp\/v2\/users\/2"}],"replies":[{"embeddable":true,"href":"http:\/\/archiv.szolnoktv.hu\/index.php?rest_route=%2Fwp%2Fv2%2Fcomments&post=8407"}],"version-history":[{"count":1,"href":"http:\/\/archiv.szolnoktv.hu\/index.php?rest_route=\/wp\/v2\/posts\/8407\/revisions"}],"predecessor-version":[{"id":8426,"href":"http:\/\/archiv.szolnoktv.hu\/index.php?rest_route=\/wp\/v2\/posts\/8407\/revisions\/8426"}],"wp:attachment":[{"href":"http:\/\/archiv.szolnoktv.hu\/index.php?rest_route=%2Fwp%2Fv2%2Fmedia&parent=8407"}],"wp:term":[{"taxonomy":"category","embeddable":true,"href":"http:\/\/archiv.szolnoktv.hu\/index.php?rest_route=%2Fwp%2Fv2%2Fcategories&post=8407"},{"taxonomy":"post_tag","embeddable":true,"href":"http:\/\/archiv.szolnoktv.hu\/index.php?rest_route=%2Fwp%2Fv2%2Ftags&post=8407"}],"curies":[{"name":"wp","href":"https:\/\/api.w.org\/{rel}","templated":true}]}}