{"id":8406,"date":"2018-03-06T14:51:33","date_gmt":"2018-03-06T14:51:33","guid":{"rendered":"http:\/\/archiv.szolnoktv.hu\/?p=8406"},"modified":"2021-08-13T19:10:57","modified_gmt":"2021-08-13T19:10:57","slug":"ujabb-elismerest-kapott-a-sulyomcsoki","status":"publish","type":"post","link":"http:\/\/archiv.szolnoktv.hu\/?p=8406","title":{"rendered":"\u00dajabb elismer\u00e9st kapott a sulyomcsoki <br>"},"content":{"rendered":"<div class='booster-block booster-read-block'><\/div><p>A novemberi csokol\u00e1d\u00e9fesztiv\u00e1lon ismerkedhettek meg a szolnokiak Szab\u00f3 Zolt\u00e1n  -Egy csepp Tisza-t\u00f3&#8221; elnevez\u00e9s\u0171 manufakt\u00far\u00e1j\u00e1val, melyet a  sulyomkr\u00e9mes csokol\u00e1d\u00e9  tett h\u00edress\u00e9. A k\u00e9sz\u00edt\u0151 r\u00e9g\u00f3ta gondolkodott azon, hogyan lehetne egy olyan \u00e9dess\u00e9get l\u00e9trehozni, ami kifejezetten jellemz\u0151 a Tisza-t\u00f3ra. A sulyom egy igazi t\u00fal\u00e9l\u0151 \u00e9s gyorsan szaporodik, hatalmas sz\u0151nyegeket, mez\u0151ket k\u00e9pez minden szezonban a Tisza-tavon. Szab\u00f3 Zolt\u00e1n k\u00eds\u00e9rletez\u00e9sbe kezdett, hogyan lehetne \u00fagy feldolgozni a sulymot, hogy harmoniz\u00e1ljon a csokol\u00e1d\u00e9val. T\u00f6bb h\u00f3napot dolgozott a konyh\u00e1ban, am\u00edg \u00f6ssze\u00e1llt a recept \u00e9s megsz\u00fclettek a bonbonok.<\/p>\n<p>A manufakt\u00fara folyamatosan fejl\u0151dik, a k\u00e9sz\u00edt\u0151 \u00faj \u00edzeket dolgozott ki.<br \/>Az ab\u00e1dszal\u00f3ki gy\u00e1rt\u00f3 a tavalyi OM\u00c9K-on megkapta a hagyom\u00e1ny \u00e9s innov\u00e1ci\u00f3 els\u0151 d\u00edj\u00e1t. Most pedig \u00fajabb d\u00edjjal ismert\u00e9k el a var\u00e1zskr\u00e9met: nemzetk\u00f6zi Min\u0151s\u00e9g \u00e9s Innov\u00e1ci\u00f3 d\u00edjat kapott. Febru\u00e1rban a spanyolorsz\u00e1gi Bilba\u00f3ban adt\u00e1k \u00e1t az \u00e9rt\u00e9kes elismer\u00e9seket. Az \u00fagynevezett International Finalist d\u00edjat mikrov\u00e1llalkoz\u00e1sk\u00e9nt, a t\u00e9rs\u00e9gi, region\u00e1lis szint\u0171 fejleszt\u00e9s\u00e9rt kapta a manufakt\u00fara. Az egy csepp Tisza-t\u00f3 csak egyetlen ponttal cs\u00faszott le a f\u0151d\u00edjr\u00f3l. Haz\u00e1nk minden p\u00e1ly\u00e1z\u00f3ja d\u00edjazott lett, a kiosztott tizennyolc elismer\u00e9sb\u0151l hat Magyarorsz\u00e1gra ker\u00fclt. <\/p>\n<div style=\"width: 640px;\" class=\"wp-video\"><!--[if lt IE 9]><script>document.createElement('video');<\/script><![endif]-->\n<video class=\"wp-video-shortcode\" id=\"video-8406-1\" width=\"640\" height=\"360\" preload=\"metadata\" controls=\"controls\"><source type=\"video\/mp4\" src=\"\/spots\/hir\/hir_180306_03.mp4?_=1\" \/><a href=\"\/spots\/hir\/hir_180306_03.mp4\">\/spots\/hir\/hir_180306_03.mp4<\/a><\/video><\/div>\n","protected":false},"excerpt":{"rendered":"<p>A novemberi csokol\u00e1d\u00e9fesztiv\u00e1lon ismerkedhettek meg a szolnokiak Szab\u00f3 Zolt\u00e1n -Egy csepp Tisza-t\u00f3&#8221; elnevez\u00e9s\u0171 manufakt\u00far\u00e1j\u00e1val, melyet a sulyomkr\u00e9mes csokol\u00e1d\u00e9 tett h\u00edress\u00e9. A k\u00e9sz\u00edt\u0151 r\u00e9g\u00f3ta gondolkodott azon, hogyan lehetne egy olyan \u00e9dess\u00e9get l\u00e9trehozni, ami kifejezetten jellemz\u0151 a Tisza-t\u00f3ra. A sulyom egy igazi t\u00fal\u00e9l\u0151 \u00e9s gyorsan szaporodik, hatalmas sz\u0151nyegeket, mez\u0151ket k\u00e9pez minden szezonban a Tisza-tavon. Szab\u00f3 Zolt\u00e1n k\u00eds\u00e9rletez\u00e9sbe [&hellip;]<\/p>\n","protected":false},"author":2,"featured_media":0,"comment_status":"closed","ping_status":"closed","sticky":false,"template":"","format":"standard","meta":[],"categories":[9],"tags":[],"_links":{"self":[{"href":"http:\/\/archiv.szolnoktv.hu\/index.php?rest_route=\/wp\/v2\/posts\/8406"}],"collection":[{"href":"http:\/\/archiv.szolnoktv.hu\/index.php?rest_route=\/wp\/v2\/posts"}],"about":[{"href":"http:\/\/archiv.szolnoktv.hu\/index.php?rest_route=\/wp\/v2\/types\/post"}],"author":[{"embeddable":true,"href":"http:\/\/archiv.szolnoktv.hu\/index.php?rest_route=\/wp\/v2\/users\/2"}],"replies":[{"embeddable":true,"href":"http:\/\/archiv.szolnoktv.hu\/index.php?rest_route=%2Fwp%2Fv2%2Fcomments&post=8406"}],"version-history":[{"count":1,"href":"http:\/\/archiv.szolnoktv.hu\/index.php?rest_route=\/wp\/v2\/posts\/8406\/revisions"}],"predecessor-version":[{"id":8427,"href":"http:\/\/archiv.szolnoktv.hu\/index.php?rest_route=\/wp\/v2\/posts\/8406\/revisions\/8427"}],"wp:attachment":[{"href":"http:\/\/archiv.szolnoktv.hu\/index.php?rest_route=%2Fwp%2Fv2%2Fmedia&parent=8406"}],"wp:term":[{"taxonomy":"category","embeddable":true,"href":"http:\/\/archiv.szolnoktv.hu\/index.php?rest_route=%2Fwp%2Fv2%2Fcategories&post=8406"},{"taxonomy":"post_tag","embeddable":true,"href":"http:\/\/archiv.szolnoktv.hu\/index.php?rest_route=%2Fwp%2Fv2%2Ftags&post=8406"}],"curies":[{"name":"wp","href":"https:\/\/api.w.org\/{rel}","templated":true}]}}