{"id":8405,"date":"2018-03-06T14:49:20","date_gmt":"2018-03-06T14:49:20","guid":{"rendered":"http:\/\/archiv.szolnoktv.hu\/?p=8405"},"modified":"2021-08-13T19:10:57","modified_gmt":"2021-08-13T19:10:57","slug":"kisorsoltak-a-jeloltek-szavazolapra-felkerulo-sorrendjet","status":"publish","type":"post","link":"http:\/\/archiv.szolnoktv.hu\/?p=8405","title":{"rendered":"Kisorsolt\u00e1k a jel\u00f6ltek szavaz\u00f3lapra felker\u00fcl\u0151 sorrendj\u00e9t"},"content":{"rendered":"<div class='booster-block booster-read-block'><\/div><p>M\u00e1rcius 5-\u00e9n, h\u00e9tf\u0151n 16 \u00f3r\u00e1ig adhatt\u00e1k le a kit\u00f6lt\u00f6tt jel\u00f6l\u0151\u00edveket a jel\u00f6l\u0151 szervezetek. Ezek ellen\u0151rz\u00e9s\u00e9t k\u00f6vet\u0151en este 7 \u00f3rakor \u00fcl\u00e9sezett a v\u00e1laszt\u00e1si bizotts\u00e1g. Tov\u00e1bbi 5 jel\u00f6ltet vettek nyilv\u00e1ntart\u00e1sba. K\u00f6zt\u00fck pl. a kor\u00e1bban elutas\u00edtott Csal\u00e1dok P\u00e1rtj\u00e1t is. <\/p>\n<p> Dr. R\u00e1cz Andrea aljegyz\u0151, Szolnok: <\/p>\n<p>-&#8221; A mai napon hozott be m\u00e9g tov\u00e1bbi aj\u00e1nl\u00f3\u00edveket, \u00e9s ennek az ellen\u0151rz\u00e9se sor\u00e1n meg\u00e1llap\u00edt\u00e1sra ker\u00fclt, hogy \u00f6sszesen 96 feldolgozott aj\u00e1nl\u00f3\u00edven 710 r\u00f6gz\u00edtett aj\u00e1nl\u00e1sb\u00f3l 501 elfogadhat\u00f3 volt. Ez az aj\u00e1nl\u00e1s elegend\u0151 ahhoz, hogy \u0151t a bizotts\u00e1g nyilv\u00e1ntart\u00e1sba vegye. &#8211;<\/p>\n<p>Az \u00fajabb \u00e9rv\u00e9nyes aj\u00e1nl\u00f3\u00edvek ellen\u0151rz\u00e9se ut\u00e1n vett\u00e9k nyilv\u00e1ntart\u00e1sba tov\u00e1bb\u00e1 a Momentum Mozgalom, a Kell az \u00d6sszefog\u00e1s P\u00e1rt, a Halad\u00f3 Magyarorsz\u00e1g\u00e9rt P\u00e1rt, a Magyarorsz\u00e1gon \u00c9l\u0151, Dolgoz\u00f3 \u00e9s Tanul\u00f3 Emberek P\u00e1rtja orsz\u00e1ggy\u0171l\u00e9si k\u00e9pvisel\u0151 jel\u00f6ltjeit. <br \/>B\u00e1r a Nemzeti V\u00e1laszt\u00e1si Bizotts\u00e1g megenged\u0151 al\u00e1\u00edr\u00e1s ellen\u0151rz\u00e9st \u00edrt el\u0151, vagyis, ha a n\u00e9v el\u0151tt nem szerepel a Dr., vagy 3 nev\u0171 szem\u00e9lyekn\u00e9l csak az egyik nevet t\u00fcntett\u00e9k fel  &#8211;   akkor is el kell fogadniuk az al\u00e1\u00edr\u00e1st. Ugyanakkor szab\u00e1lytalans\u00e1gokat is tapasztaltak. <\/p>\n<p>-&#8220;N\u00e9h\u00e1ny jel\u00f6l\u0151 szervezet tekintet\u00e9ben \u00e9szlelte azt a v\u00e1laszt\u00e1si iroda, hogy ugyanolyan sorrendben, ugyanolyan m\u00f3don szerepelnek az \u00edveken az aj\u00e1nl\u00e1sok. Feljelent\u00e9st tesz a v\u00e1laszt\u00e1si iroda a v\u00e1rosi rend\u0151rkapit\u00e1nys\u00e1gon&#8221;-tette hozz\u00e1 az aljegyz\u0151. <\/p>\n<p> A v\u00e1laszt\u00e1si bizotts\u00e1g ezt k\u00f6vet\u0151en sorsol\u00e1ssal folytatta munk\u00e1j\u00e1t. A jel\u00f6ltek \u00e9s jel\u00f6l\u0151szervezetek nev\u00e9t tartalmaz\u00f3 bor\u00edt\u00e9kot egy ker\u00e9kbe helyezt\u00e9k. \u00d6sszesen 32-\u0151t, hiszen a m\u00e1r nyilv\u00e1ntart\u00e1sba vett 21 jel\u00f6lt mellett beker\u00fclt a 11 visszautas\u00edtott indul\u00f3 is, az ut\u00f3bbiakr\u00f3l sz\u00f3l\u00f3 d\u00f6nt\u00e9s azonban m\u00e9g nem emelkedett joger\u0151re. A test\u00fclet tagjai egyenk\u00e9nt h\u00fazt\u00e1k ki a bor\u00edt\u00e9kokat, \u00edgy alakult ki v\u00e9g\u00fcl az a sorrend, amelynek megfelel\u0151en a szavaz\u00f3lapon szerepelnek majd a jel\u00f6ltek nevei.<br \/>\n<br \/>\n<div style=\"width: 640px;\" class=\"wp-video\"><!--[if lt IE 9]><script>document.createElement('video');<\/script><![endif]-->\n<video class=\"wp-video-shortcode\" id=\"video-8405-1\" width=\"640\" height=\"360\" preload=\"metadata\" controls=\"controls\"><source type=\"video\/mp4\" src=\"\/spots\/hir\/hir_180306_02.mp4?_=1\" \/><a href=\"\/spots\/hir\/hir_180306_02.mp4\">\/spots\/hir\/hir_180306_02.mp4<\/a><\/video><\/div><\/p>\n","protected":false},"excerpt":{"rendered":"<p>M\u00e1rcius 5-\u00e9n, h\u00e9tf\u0151n 16 \u00f3r\u00e1ig adhatt\u00e1k le a kit\u00f6lt\u00f6tt jel\u00f6l\u0151\u00edveket a jel\u00f6l\u0151 szervezetek. Ezek ellen\u0151rz\u00e9s\u00e9t k\u00f6vet\u0151en este 7 \u00f3rakor \u00fcl\u00e9sezett a v\u00e1laszt\u00e1si bizotts\u00e1g. Tov\u00e1bbi 5 jel\u00f6ltet vettek nyilv\u00e1ntart\u00e1sba. K\u00f6zt\u00fck pl. a kor\u00e1bban elutas\u00edtott Csal\u00e1dok P\u00e1rtj\u00e1t is. Dr. R\u00e1cz Andrea aljegyz\u0151, Szolnok: -&#8221; A mai napon hozott be m\u00e9g tov\u00e1bbi aj\u00e1nl\u00f3\u00edveket, \u00e9s ennek az ellen\u0151rz\u00e9se sor\u00e1n [&hellip;]<\/p>\n","protected":false},"author":2,"featured_media":0,"comment_status":"closed","ping_status":"closed","sticky":false,"template":"","format":"standard","meta":[],"categories":[9],"tags":[],"_links":{"self":[{"href":"http:\/\/archiv.szolnoktv.hu\/index.php?rest_route=\/wp\/v2\/posts\/8405"}],"collection":[{"href":"http:\/\/archiv.szolnoktv.hu\/index.php?rest_route=\/wp\/v2\/posts"}],"about":[{"href":"http:\/\/archiv.szolnoktv.hu\/index.php?rest_route=\/wp\/v2\/types\/post"}],"author":[{"embeddable":true,"href":"http:\/\/archiv.szolnoktv.hu\/index.php?rest_route=\/wp\/v2\/users\/2"}],"replies":[{"embeddable":true,"href":"http:\/\/archiv.szolnoktv.hu\/index.php?rest_route=%2Fwp%2Fv2%2Fcomments&post=8405"}],"version-history":[{"count":1,"href":"http:\/\/archiv.szolnoktv.hu\/index.php?rest_route=\/wp\/v2\/posts\/8405\/revisions"}],"predecessor-version":[{"id":8428,"href":"http:\/\/archiv.szolnoktv.hu\/index.php?rest_route=\/wp\/v2\/posts\/8405\/revisions\/8428"}],"wp:attachment":[{"href":"http:\/\/archiv.szolnoktv.hu\/index.php?rest_route=%2Fwp%2Fv2%2Fmedia&parent=8405"}],"wp:term":[{"taxonomy":"category","embeddable":true,"href":"http:\/\/archiv.szolnoktv.hu\/index.php?rest_route=%2Fwp%2Fv2%2Fcategories&post=8405"},{"taxonomy":"post_tag","embeddable":true,"href":"http:\/\/archiv.szolnoktv.hu\/index.php?rest_route=%2Fwp%2Fv2%2Ftags&post=8405"}],"curies":[{"name":"wp","href":"https:\/\/api.w.org\/{rel}","templated":true}]}}