{"id":8404,"date":"2018-03-05T16:50:35","date_gmt":"2018-03-05T16:50:35","guid":{"rendered":"http:\/\/archiv.szolnoktv.hu\/?p=8404"},"modified":"2021-08-13T19:10:58","modified_gmt":"2021-08-13T19:10:58","slug":"ingyenes-szuresek-a-tiszta-szivvel-szolnokert-szuroprogramban","status":"publish","type":"post","link":"http:\/\/archiv.szolnoktv.hu\/?p=8404","title":{"rendered":"Ingyenes sz\u0171r\u00e9sek a Tiszta Sz\u00edvvel Szolnok\u00e9rt Sz\u0171r\u0151programban"},"content":{"rendered":"<div class='booster-block booster-read-block'><\/div><p>\u00dcnnep\u00e9lyes megnyit\u00f3val \u00e9s ismeretterjeszt\u0151 el\u0151ad\u00e1sokkal kezd\u0151d\u00f6tt a 12. Tiszta Sz\u00edvvel Szolnok\u00e9rt Sz\u0171r\u0151h\u00e9t. Az Aba-Nov\u00e1k Ag\u00f3ra Kultur\u00e1lis K\u00f6zpontban  ma 17 \u00f3r\u00e1ig v\u00e1rt\u00e1k ingyenes vizsg\u00e1latokkal az \u00e9rdekl\u0151d\u0151ket. <br \/>A v\u00e1ros polg\u00e1rmestere k\u00f6sz\u00f6nt\u0151j\u00e9ben az orsz\u00e1g eg\u00e9szs\u00e9gi \u00e1llapot\u00e1r\u00f3l besz\u00e9lt. Szolnok  alapstrat\u00e9gi\u00e1i: a gazdas\u00e1gi er\u0151s\u00f6d\u00e9s, az ipari parkok fejleszt\u00e9se \u00e9s a hagyom\u00e1nyok,a  kult\u00fara \u0151rz\u00e9se mellett fontos az eg\u00e9szs\u00e9g is -emelte ki Szalay Ferenc. <\/p>\n<p>Szalay Ferenc polg\u00e1rmester Szolnok : <\/p>\n<p>-&#8220;Ezzel a k\u00e9t strat\u00e9giai ponttal egy szinten  legal\u00e1bb olyan fontosnak tartjuk az eg\u00e9szs\u00e9ges \u00e9letm\u00f3dra nevel\u00e9s sz\u00fcks\u00e9gess\u00e9g\u00e9t. L\u00e1tni kell, l\u00e1ttatni kell mindenkivel, hogy az eg\u00e9szs\u00e9ge n\u00e9lk\u00fcl sehova nem fog tudni eljutni. Azt szokt\u00e1k mondani, hogy ha eg\u00e9szs\u00e9g van, minden van. &#8211;<\/p>\n<p> A programsorozat \u00f6tletgazd\u00e1ja, Dr. Bene Ildik\u00f3 orsz\u00e1ggy\u0171l\u00e9si k\u00e9pvisel\u0151 a 12 \u00e9vvel ezel\u0151tti sz\u0171r\u00e9sekre eml\u00e9kezett. <\/p>\n<p>Dr. Bene Ildik\u00f3 orsz\u00e1ggy\u0171l\u00e9si k\u00e9pvisel\u0151: <\/p>\n<p>-&#8220;\u00c9n amikor a Kod\u00e1ly Iskol\u00e1ba mentem \u00e9s l\u00e1ttam, hogy kint \u00e1ll a sor v\u00e9ge az udvaron, akkor l\u00e1ttam, hogy ez egy j\u00f3 program volt. De nyilv\u00e1n egy ilyen v\u00e9gigcsin\u00e1lni, csak \u00fagy lehet, ha van hozz\u00e1 fogad\u00f3k\u00e9szs\u00e9g , van egy olyan \u00f6nkorm\u00e1nyzat, aki az \u00e9l\u00e9re \u00e1ll \u00e9s ezt seg\u00edti \u00e9s ha vannak olyan koll\u00e9g\u00e1k, akik fontosnak \u00e9rzik, hogy ezeken a programokon r\u00e9szt vegyenek. \u00c9s itt vannak a szolnokiak, akik fontosnak tartj\u00e1k , hogy ezen r\u00e9szt vegyenek az eg\u00e9szs\u00e9g\u00fcket.&#8221;<\/p>\n<p>Az esem\u00e9nyen r\u00e9szt vev\u0151 csal\u00e1d -\u00e9s n\u00e9pesed\u00e9spolitik\u00e1\u00e9rt felel\u0151s helyettes \u00e1llamtitk\u00e1r k\u00f6sz\u00f6nt\u0151j\u00e9ben kiemelte a megyesz\u00e9khely \u00fatt\u00f6r\u0151 szerep\u00e9t. <\/p>\n<p> Dr. Beneda Attila csal\u00e1d -\u00e9s n\u00e9pesed\u00e9spolitik\u00e1\u00e9rt felel\u0151s helyettes \u00e1llamtitk\u00e1r:<\/p>\n<p>-&#8220;Szolnok mint sok m\u00e1s ter\u00fcleten is, igyekszik \u00e9len j\u00e1rni az orsz\u00e1gban. Kev\u00e9s ilyen hely van Magyarorsz\u00e1gon, ahol egy ilyen r\u00e9gi, most m\u00e1r hagyom\u00e1nynak tekinthet\u0151 sz\u0171r\u0151program , az eg\u00e9szs\u00e9gre f\u00f3kusz\u00e1l\u00f3, koncentr\u00e1l\u00f3 h\u00e9t \u00e9s napok vannak. Ehhez szeretn\u00e9k sz\u00edvb\u0151l gratul\u00e1lni \u00e9s tov\u00e1bbi sikereket k\u00edv\u00e1nni. &#8211;<\/p>\n<p>A feln\u0151ttkori v\u00e9d\u0151olt\u00e1sokr\u00f3l \u00e9s a b\u0151rgy\u00f3gy\u00e1szati probl\u00e9m\u00e1kr\u00f3l is hallhattak el\u0151ad\u00e1sokat az \u00e9rdekl\u0151d\u0151k. A sz\u0171r\u00e9seken 11 szakma k\u00e9pviselte mag\u00e1t. A csonts\u0171r\u0171s\u00e9g vizsg\u00e1laton m\u00e1r reggel sorban \u00e1lltak. Heged\u0171s Imre  Tiszaf\u00f6ldv\u00e1rr\u00f3l \u00e9rkezett. <\/p>\n<p> Heged\u0171s Imre: <br \/>-&#8220;\u00c9n 69 \u00e9ves vagyok \u00e9s mindig tartok ebben a cs\u00fasz\u00f3s id\u0151ben, hogy nehogy elesek \u00e9s nehogy elt\u00f6rj\u00f6n valamim, \u00e9s most, hogy pont itt j\u00e1rok Szolnokon, hallottam err\u0151l, gondoltam megn\u00e9zem. &#8211;<\/p>\n<p>A glauk\u00f3masz\u0171r\u00e9sre is sokat v\u00e1rakoztak. <\/p>\n<p>T\u00f3th Istv\u00e1nn\u00e9 : <\/p>\n<p> -&#8220;Nagyon fontosnak tartjuk \u00e9s mindig el szoktunk j\u00f6nni, nekem volt probl\u00e9m\u00e1m a retin\u00e1mmal, id\u0151nk\u00e9nt kell kontrollra j\u00e1rni, most k\u00edv\u00e1ncsi vagyok, hogy milyen \u00e1llapotban van. &#8211;<\/p>\n<p>Szikszai Ferenc:<\/p>\n<p>-&#8220;\u00dagy \u00e9rzem, hogy a szememmel van valami gond nem t\u00f6k\u00e9letes a l\u00e1t\u00e1som, ez\u00e9rt j\u00f6ttem el \u00e9s nagyon \u00f6r\u00fcl\u00f6k neki. &#8211;<\/p>\n<p>A program c\u00e9lja, hogy a m\u00e9g akt\u00edvan dolgoz\u00f3 koroszt\u00e1lyt is megsz\u00f3l\u00edtsa. A nyit\u00f3napon fiatalok is voltak. <\/p>\n<p>Egedi Enik\u0151:<\/p>\n<p>-&#8220;Mi eg\u00e9szs\u00e9g\u00fcgyi iskol\u00e1ba j\u00e1runk \u00e9s ott is tanuljuk, hogy ez mi\u00e9rt fontos. Ha elj\u00f6v\u00fcnk a sz\u0171r\u0151vizsg\u00e1latokra, akkor megel\u0151zhet\u00fcnk olyan betegs\u00e9get, ami nagyon s\u00falyoss\u00e1 is fordulhat. &#8211;<\/p>\n<p> Luk\u00e1cs No\u00e9mi:<\/p>\n<p>-&#8220;\u00c9n az\u00e9rt tartom fontosnak, mert jobb megel\u0151zni ezeket \u00e9s tudom\u00e1st szerezni, hogyha valami probl\u00e9m\u00e1nk van. &#8211;<\/p>\n<p>A v\u00e9rad\u00e1ssal, ki\u00e1ll\u00edt\u00e1sokkal, k\u00f3stol\u00f3kkal t\u0171zdelt programsorozat p\u00e9ntekig a v\u00e1ros k\u00fcl\u00f6nb\u00f6z\u0151 pontjain folytat\u00f3dik. Minden nap 14-17 \u00f3r\u00e1ig, hogy munka ut\u00e1n is el tudjanak menni a m\u00e9g akt\u00edvan dolgoz\u00f3k. Ek\u00f6zben a H\u0151s\u00f6k t\u00e9ri rendel\u0151ben mammogr\u00e1fia, n\u0151gy\u00f3gy\u00e1szati r\u00e1ksz\u0171r\u00e9s \u00e9s urol\u00f3giai vizsg\u00e1lat v\u00e1rja az \u00e9rdekl\u0151d\u0151ket. <\/p>\n<div style=\"width: 640px;\" class=\"wp-video\"><!--[if lt IE 9]><script>document.createElement('video');<\/script><![endif]-->\n<video class=\"wp-video-shortcode\" id=\"video-8404-1\" width=\"640\" height=\"360\" preload=\"metadata\" controls=\"controls\"><source type=\"video\/mp4\" src=\"\/spots\/hir\/hir_180305_06.mp4?_=1\" \/><a href=\"\/spots\/hir\/hir_180305_06.mp4\">\/spots\/hir\/hir_180305_06.mp4<\/a><\/video><\/div>\n","protected":false},"excerpt":{"rendered":"<p>\u00dcnnep\u00e9lyes megnyit\u00f3val \u00e9s ismeretterjeszt\u0151 el\u0151ad\u00e1sokkal kezd\u0151d\u00f6tt a 12. Tiszta Sz\u00edvvel Szolnok\u00e9rt Sz\u0171r\u0151h\u00e9t. Az Aba-Nov\u00e1k Ag\u00f3ra Kultur\u00e1lis K\u00f6zpontban ma 17 \u00f3r\u00e1ig v\u00e1rt\u00e1k ingyenes vizsg\u00e1latokkal az \u00e9rdekl\u0151d\u0151ket. A v\u00e1ros polg\u00e1rmestere k\u00f6sz\u00f6nt\u0151j\u00e9ben az orsz\u00e1g eg\u00e9szs\u00e9gi \u00e1llapot\u00e1r\u00f3l besz\u00e9lt. Szolnok alapstrat\u00e9gi\u00e1i: a gazdas\u00e1gi er\u0151s\u00f6d\u00e9s, az ipari parkok fejleszt\u00e9se \u00e9s a hagyom\u00e1nyok,a kult\u00fara \u0151rz\u00e9se mellett fontos az eg\u00e9szs\u00e9g is -emelte ki [&hellip;]<\/p>\n","protected":false},"author":2,"featured_media":0,"comment_status":"closed","ping_status":"closed","sticky":false,"template":"","format":"standard","meta":[],"categories":[9],"tags":[],"_links":{"self":[{"href":"http:\/\/archiv.szolnoktv.hu\/index.php?rest_route=\/wp\/v2\/posts\/8404"}],"collection":[{"href":"http:\/\/archiv.szolnoktv.hu\/index.php?rest_route=\/wp\/v2\/posts"}],"about":[{"href":"http:\/\/archiv.szolnoktv.hu\/index.php?rest_route=\/wp\/v2\/types\/post"}],"author":[{"embeddable":true,"href":"http:\/\/archiv.szolnoktv.hu\/index.php?rest_route=\/wp\/v2\/users\/2"}],"replies":[{"embeddable":true,"href":"http:\/\/archiv.szolnoktv.hu\/index.php?rest_route=%2Fwp%2Fv2%2Fcomments&post=8404"}],"version-history":[{"count":1,"href":"http:\/\/archiv.szolnoktv.hu\/index.php?rest_route=\/wp\/v2\/posts\/8404\/revisions"}],"predecessor-version":[{"id":8429,"href":"http:\/\/archiv.szolnoktv.hu\/index.php?rest_route=\/wp\/v2\/posts\/8404\/revisions\/8429"}],"wp:attachment":[{"href":"http:\/\/archiv.szolnoktv.hu\/index.php?rest_route=%2Fwp%2Fv2%2Fmedia&parent=8404"}],"wp:term":[{"taxonomy":"category","embeddable":true,"href":"http:\/\/archiv.szolnoktv.hu\/index.php?rest_route=%2Fwp%2Fv2%2Fcategories&post=8404"},{"taxonomy":"post_tag","embeddable":true,"href":"http:\/\/archiv.szolnoktv.hu\/index.php?rest_route=%2Fwp%2Fv2%2Ftags&post=8404"}],"curies":[{"name":"wp","href":"https:\/\/api.w.org\/{rel}","templated":true}]}}