{"id":8403,"date":"2018-03-05T16:44:18","date_gmt":"2018-03-05T16:44:18","guid":{"rendered":"http:\/\/archiv.szolnoktv.hu\/?p=8403"},"modified":"2021-08-13T19:10:58","modified_gmt":"2021-08-13T19:10:58","slug":"veget-ert-a-megavers-10-1-kozepdontoje","status":"publish","type":"post","link":"http:\/\/archiv.szolnoktv.hu\/?p=8403","title":{"rendered":"V\u00e9get \u00e9rt a Megavers 10 1. k\u00f6z\u00e9pd\u00f6nt\u0151je"},"content":{"rendered":"<div class='booster-block booster-read-block'><\/div><p>A 10-ik Megavers sorozat idei els\u0151 ad\u00e1sa m\u00faltid\u00e9z\u00e9ssel indult, hiszen a legels\u0151 verseny gy\u0151ztese vide\u00f3\u00fczenetben mondott verset, \u00e9s \u00fczent a versenyz\u0151knek.<\/p>\n<p>-Szeretettel k\u00f6sz\u00f6nt\u00f6k mindenkit a Megaversen, sajn\u00e1lom, hogy nem lehetek ott, nekem az els\u0151 Megavers \u00e9letre sz\u00f3l\u00f3 \u00e9lm\u00e9ny volt, k\u00edv\u00e1nom, hogy legyen nektek is az.&#8221; -mondta Barta \u00c1gnes.<\/p>\n<p> A versenybe 25 jelentkez\u0151 jutott, k\u00f6z\u00fcl\u00fck 5-en m\u00e9rhett\u00e9k \u00f6ssze felk\u00e9sz\u00fclts\u00e9g\u00fcket az els\u0151 megm\u00e9rettet\u00e9sen. Az idei versenyt a mai magyar k\u00f6lt\u00e9szet jegy\u00e9ben \u00edrt\u00e1k ki a szervez\u0151k, \u00edgy nem v\u00e9letlen, hogy m\u00e1r az els\u0151 ad\u00e1sban t\u00f6bb ma is \u00e9l\u0151 \u00edr\u00f3 m\u0171ve is elhangzott. Fodor J\u00f3zsef, K\u00e1ny\u00e1di S\u00e1ndor, Parti Nagy Lajos, Horv\u00e1th Istv\u00e1n \u00e9s Ter\u00e9k Anna m\u0171vei k\u00f6z\u00fcl v\u00e1lasztottak a versmond\u00f3k.<\/p>\n<p>A Megavers sorozat \u00e1lland\u00f3 fell\u00e9p\u0151je, a martf\u0171i Rongysz\u0151nyeg zenekar rendk\u00edv\u00fcli atmoszf\u00e9r\u00e1t var\u00e1zsolt az eredm\u00e9nyhirdet\u00e9s el\u00e9.<\/p>\n<p>A Megavers 10 els\u0151 k\u00f6z\u00e9pd\u00f6nt\u0151j\u00e9b\u0151l Angyal Vir\u00e1g jutott az \u00e1prilis 11-i d\u00f6nt\u0151be. A tov\u00e1bb nem jut\u00f3 versmond\u00f3k cs\u00fct\u00f6rt\u00f6k d\u00e9lig v\u00e1rj\u00e1k a n\u00e9z\u0151k szavazatait. A szavaz\u00e1si m\u00f3dokat megtal\u00e1lj\u00e1k a Szolnok Telev\u00edzi\u00f3 internetes fel\u00fcletein \u00e9s aj\u00e1nl\u00f3iban. A szavaz\u00f3k k\u00f6zt mobiltelefont, majd a d\u00f6nt\u0151ben nagy k\u00e9perny\u0151s telev\u00edzi\u00f3t sorsolunk ki.<br \/>\n<br \/>\n<div style=\"width: 640px;\" class=\"wp-video\"><!--[if lt IE 9]><script>document.createElement('video');<\/script><![endif]-->\n<video class=\"wp-video-shortcode\" id=\"video-8403-1\" width=\"640\" height=\"360\" preload=\"metadata\" controls=\"controls\"><source type=\"video\/mp4\" src=\"\/spots\/hir\/hir_180305_04.mp4?_=1\" \/><a href=\"\/spots\/hir\/hir_180305_04.mp4\">\/spots\/hir\/hir_180305_04.mp4<\/a><\/video><\/div><\/p>\n","protected":false},"excerpt":{"rendered":"<p>A 10-ik Megavers sorozat idei els\u0151 ad\u00e1sa m\u00faltid\u00e9z\u00e9ssel indult, hiszen a legels\u0151 verseny gy\u0151ztese vide\u00f3\u00fczenetben mondott verset, \u00e9s \u00fczent a versenyz\u0151knek. -Szeretettel k\u00f6sz\u00f6nt\u00f6k mindenkit a Megaversen, sajn\u00e1lom, hogy nem lehetek ott, nekem az els\u0151 Megavers \u00e9letre sz\u00f3l\u00f3 \u00e9lm\u00e9ny volt, k\u00edv\u00e1nom, hogy legyen nektek is az.&#8221; -mondta Barta \u00c1gnes. A versenybe 25 jelentkez\u0151 jutott, k\u00f6z\u00fcl\u00fck 5-en [&hellip;]<\/p>\n","protected":false},"author":2,"featured_media":0,"comment_status":"closed","ping_status":"closed","sticky":false,"template":"","format":"standard","meta":[],"categories":[9],"tags":[],"_links":{"self":[{"href":"http:\/\/archiv.szolnoktv.hu\/index.php?rest_route=\/wp\/v2\/posts\/8403"}],"collection":[{"href":"http:\/\/archiv.szolnoktv.hu\/index.php?rest_route=\/wp\/v2\/posts"}],"about":[{"href":"http:\/\/archiv.szolnoktv.hu\/index.php?rest_route=\/wp\/v2\/types\/post"}],"author":[{"embeddable":true,"href":"http:\/\/archiv.szolnoktv.hu\/index.php?rest_route=\/wp\/v2\/users\/2"}],"replies":[{"embeddable":true,"href":"http:\/\/archiv.szolnoktv.hu\/index.php?rest_route=%2Fwp%2Fv2%2Fcomments&post=8403"}],"version-history":[{"count":1,"href":"http:\/\/archiv.szolnoktv.hu\/index.php?rest_route=\/wp\/v2\/posts\/8403\/revisions"}],"predecessor-version":[{"id":8430,"href":"http:\/\/archiv.szolnoktv.hu\/index.php?rest_route=\/wp\/v2\/posts\/8403\/revisions\/8430"}],"wp:attachment":[{"href":"http:\/\/archiv.szolnoktv.hu\/index.php?rest_route=%2Fwp%2Fv2%2Fmedia&parent=8403"}],"wp:term":[{"taxonomy":"category","embeddable":true,"href":"http:\/\/archiv.szolnoktv.hu\/index.php?rest_route=%2Fwp%2Fv2%2Fcategories&post=8403"},{"taxonomy":"post_tag","embeddable":true,"href":"http:\/\/archiv.szolnoktv.hu\/index.php?rest_route=%2Fwp%2Fv2%2Ftags&post=8403"}],"curies":[{"name":"wp","href":"https:\/\/api.w.org\/{rel}","templated":true}]}}