{"id":8402,"date":"2018-03-05T14:33:55","date_gmt":"2018-03-05T14:33:55","guid":{"rendered":"http:\/\/archiv.szolnoktv.hu\/?p=8402"},"modified":"2021-08-13T19:10:58","modified_gmt":"2021-08-13T19:10:58","slug":"faosztas-a-rendkivuli-hidegben","status":"publish","type":"post","link":"http:\/\/archiv.szolnoktv.hu\/?p=8402","title":{"rendered":"Faoszt\u00e1s a rendk\u00edv\u00fcli hidegben"},"content":{"rendered":"<div class='booster-block booster-read-block'><\/div><p>Ism\u00e9t faadom\u00e1ny \u00e9rkezik a r\u00e1szorul\u00f3khoz. Febru\u00e1rban m\u00e1r 300 csal\u00e1dhoz \u00e9rkezett t\u0171zifa az \u00f6nkorm\u00e1nyzat finansz\u00edroz\u00e1sa \u00e1ltal. Akkor \u00f6sszesen 900 m\u00e1zs\u00e1t osztottak sz\u00e9t. Most tov\u00e1bbi 50 csal\u00e1dhoz jut el a seg\u00edts\u00e9g.<\/p>\n<p>-Minden csal\u00e1d 330 kil\u00f3 f\u00e1t kap. Ez vegyes \u00f6sszet\u00e9tel\u0171: van benne v\u00e1s\u00e1rolt, van benne a v\u00e1rosi k\u00f6zter\u00fcletekr\u0151l kiker\u00fclt anyag \u00e9s  &#8211;   miut\u00e1n a c\u00e9g\u00fcnk fabrikettet gy\u00e1rt  &#8211;   ebb\u0151l is m\u00e1r tudunk adni, hogy megfelel\u0151 legyen a t\u00fczel\u0151anyag.&#8221; -nyilatkozta Fodor Gy\u00f6rgy, a Munkalehet\u0151s\u00e9g a J\u00f6v\u0151\u00e9rt Nonprofit Kft. \u00fcgyvezet\u0151 igazgat\u00f3ja.<\/p>\n<p>Kapocs\u00e1ny Ilona beteg fi\u00e1val \u00e9l. \u00d5k egy kis be\u00e9p\u00edtett cser\u00e9pk\u00e1lyh\u00e1val f\u0171tenek \u00e9s sp\u00f3rolnak a f\u00e1val.<\/p>\n<p>-El\u00e9g lesz 2-3 h\u00e9tig, de lehet, hogy tov\u00e1bb is, mert nem sokat t\u00fczelek. Teh\u00e1t nagyon nagyon kev\u00e9s f\u00e1t rakok r\u00e1, meg h\u00e1t az\u00e9rt n\u00e9ha napj\u00e1n szoktam venni egy kis szenet is, egy olyan 30 m\u00e1zs\u00e1t, egy zs\u00e1kkal, haza biciklin, hogy m\u00e9gis p\u00f3toljam valahogy.&#8221;<\/p>\n<p>A Hum\u00e1n Szolg\u00e1ltat\u00f3 K\u00f6zpont szoci\u00e1lis t\u00e9rk\u00e9pe alapj\u00e1n k\u00e9sz\u00fcl el a r\u00e1szorul\u00f3k list\u00e1ja. Az \u00fajabb adom\u00e1nyban azok r\u00e9szes\u00fclnek, akik eddig m\u00e9g nem kaptak ingyen f\u00e1t. A jelenlegi 50 csal\u00e1db\u00f3l \u00e1ll\u00f3 lista ak\u00e1r b\u0151v\u00fclhet is az id\u0151j\u00e1r\u00e1s f\u00fcggv\u00e9ny\u00e9ben.<br \/>\n<br \/>\n<div style=\"width: 640px;\" class=\"wp-video\"><!--[if lt IE 9]><script>document.createElement('video');<\/script><![endif]-->\n<video class=\"wp-video-shortcode\" id=\"video-8402-1\" width=\"640\" height=\"360\" preload=\"metadata\" controls=\"controls\"><source type=\"video\/mp4\" src=\"\/spots\/hir\/hir_180305_05.mp4?_=1\" \/><a href=\"\/spots\/hir\/hir_180305_05.mp4\">\/spots\/hir\/hir_180305_05.mp4<\/a><\/video><\/div><\/p>\n","protected":false},"excerpt":{"rendered":"<p>Ism\u00e9t faadom\u00e1ny \u00e9rkezik a r\u00e1szorul\u00f3khoz. Febru\u00e1rban m\u00e1r 300 csal\u00e1dhoz \u00e9rkezett t\u0171zifa az \u00f6nkorm\u00e1nyzat finansz\u00edroz\u00e1sa \u00e1ltal. Akkor \u00f6sszesen 900 m\u00e1zs\u00e1t osztottak sz\u00e9t. Most tov\u00e1bbi 50 csal\u00e1dhoz jut el a seg\u00edts\u00e9g. -Minden csal\u00e1d 330 kil\u00f3 f\u00e1t kap. Ez vegyes \u00f6sszet\u00e9tel\u0171: van benne v\u00e1s\u00e1rolt, van benne a v\u00e1rosi k\u00f6zter\u00fcletekr\u0151l kiker\u00fclt anyag \u00e9s &#8211; miut\u00e1n a c\u00e9g\u00fcnk fabrikettet gy\u00e1rt [&hellip;]<\/p>\n","protected":false},"author":2,"featured_media":0,"comment_status":"closed","ping_status":"closed","sticky":false,"template":"","format":"standard","meta":[],"categories":[9],"tags":[],"_links":{"self":[{"href":"http:\/\/archiv.szolnoktv.hu\/index.php?rest_route=\/wp\/v2\/posts\/8402"}],"collection":[{"href":"http:\/\/archiv.szolnoktv.hu\/index.php?rest_route=\/wp\/v2\/posts"}],"about":[{"href":"http:\/\/archiv.szolnoktv.hu\/index.php?rest_route=\/wp\/v2\/types\/post"}],"author":[{"embeddable":true,"href":"http:\/\/archiv.szolnoktv.hu\/index.php?rest_route=\/wp\/v2\/users\/2"}],"replies":[{"embeddable":true,"href":"http:\/\/archiv.szolnoktv.hu\/index.php?rest_route=%2Fwp%2Fv2%2Fcomments&post=8402"}],"version-history":[{"count":1,"href":"http:\/\/archiv.szolnoktv.hu\/index.php?rest_route=\/wp\/v2\/posts\/8402\/revisions"}],"predecessor-version":[{"id":8431,"href":"http:\/\/archiv.szolnoktv.hu\/index.php?rest_route=\/wp\/v2\/posts\/8402\/revisions\/8431"}],"wp:attachment":[{"href":"http:\/\/archiv.szolnoktv.hu\/index.php?rest_route=%2Fwp%2Fv2%2Fmedia&parent=8402"}],"wp:term":[{"taxonomy":"category","embeddable":true,"href":"http:\/\/archiv.szolnoktv.hu\/index.php?rest_route=%2Fwp%2Fv2%2Fcategories&post=8402"},{"taxonomy":"post_tag","embeddable":true,"href":"http:\/\/archiv.szolnoktv.hu\/index.php?rest_route=%2Fwp%2Fv2%2Ftags&post=8402"}],"curies":[{"name":"wp","href":"https:\/\/api.w.org\/{rel}","templated":true}]}}