{"id":8401,"date":"2018-03-05T14:26:06","date_gmt":"2018-03-05T14:26:06","guid":{"rendered":"http:\/\/archiv.szolnoktv.hu\/?p=8401"},"modified":"2021-08-13T19:10:58","modified_gmt":"2021-08-13T19:10:58","slug":"22-alkalommal-csaptak-ossze-a-magyarok-az-osztrakokkal","status":"publish","type":"post","link":"http:\/\/archiv.szolnoktv.hu\/?p=8401","title":{"rendered":"22. alkalommal csaptak \u00f6ssze a magyarok az osztr\u00e1kokkal"},"content":{"rendered":"<div class='booster-block booster-read-block'><\/div><p>169 \u00e9vvel ezel\u0151tt a szolnoki \u00fctk\u00f6zet k\u00e9sz\u00edtette el\u0151 a dics\u0151s\u00e9ges tavaszi hadj\u00e1ratot. A harcokban nem csak magyar honv\u00e9dek, hanem t\u00f6bbek k\u00f6z\u00f6tt lengyel l\u00e9gi\u00f3sok is r\u00e9szt vettek Wysocki t\u00e1bornok vezet\u00e9s\u00e9vel. A szolnoki csata rendezv\u00e9nysorozat a Lengyel l\u00e9gi\u00f3 utc\u00e1ban kezd\u0151d\u00f6tt ahol a lengyel katon\u00e1kra eml\u00e9keztek a r\u00e9sztvev\u0151k. <\/p>\n<p>Az eml\u00e9kt\u00e1bl\u00e1n\u00e1l koszor\u00fat helyezett el t\u00f6bbek k\u00f6z\u00f6tt a szolnoki, valamint a Lengyel Kisebbs\u00e9gi \u00d6nkorm\u00e1nyzat \u00e9s a Lengyel-Magyar Klub is. A lengyel hagyom\u00e1ny\u0151rz\u0151k puskat\u0171zzel tisztelegtek \u0151seik el\u0151tt.<\/p>\n<p>Az \u00fcnneps\u00e9gen elhangzott: &#8211; A k\u00e9t orsz\u00e1g t\u00f6rt\u00e9nelme sz\u00e1mos ponton kapcsol\u00f3dott egym\u00e1shoz. A lengyel-magyar bar\u00e1ts\u00e1g ma is er\u0151s, a kapcsolatok \u00e1pol\u00e1s\u00e1ra pedig kit\u0171n\u0151 alkalom a szolnoki csata felid\u00e9z\u00e9se.-<\/p>\n<p>Az 1849-es d\u00edcs\u0151s\u00e9ges tavaszi hadj\u00e1rat a  szolnoki csata megnyer\u00e9s\u00e9vel kezd\u0151d\u00f6tt. A Szolnoki csata hadij\u00e1t\u00e9k ennek a nagy hat\u00e1s\u00fa \u00fctk\u00f6zetnek \u00e1ll\u00edt eml\u00e9ket minden \u00e9v m\u00e1rcius\u00e1nak elej\u00e9n. Vas\u00e1rnap d\u00e9lut\u00e1n a Tiszavir\u00e1g h\u00edd l\u00e1b\u00e1n\u00e1l n\u00e9zett egym\u00e1ssal farkasszemet a csaknem 300 hagyom\u00e1ny\u0151rz\u0151. A csata l\u00e1tv\u00e1nyoss\u00e1g\u00e1t a pusk\u00e1k, \u00e1gy\u00fak \u00e9s pisztolyok t\u00fcze, a lovasroham \u00e9s kardos \u00fctk\u00f6zetek garant\u00e1lt\u00e1k. A hagyom\u00e1ny\u0151rz\u0151k azt is szeml\u00e9ltett\u00e9k, milyen volt a korabeli k\u00f6zelharc. A csata dramaturgiai v\u00e1za az 1849. m\u00e1rcius 5-ei esem\u00e9nyekre \u00e9p\u00fcl, de minden \u00e9vben van az \u00fajraj\u00e1tsz\u00e1sban valami k\u00fcl\u00f6nlegess\u00e9g. A v\u00e1ros egyik legl\u00e1tv\u00e1nyosabb esem\u00e9nyre hossz\u00fa ideje k\u00e9sz\u00fcltek a hagyom\u00e1ny\u0151rz\u0151k.<\/p>\n<p> -\u00dagy gondolom, hogy a legjobb m\u00f3dja, hogy a t\u00f6rt\u00e9nelmet feleleven\u00edts\u00fck. Ez egy olyan lehet\u0151s\u00e9g ahol megismerkedhet a katon\u00e1k korabeli \u00e9let\u00e9vel, illetve a m\u00e1rcius 5-i gy\u0151ztes csat\u00e1r\u00f3l. &#8211; &#8211; mondta  Udovecz Gy\u00f6rgy, a szervez\u0151 J\u00e1szkun Magyar Kir\u00e1lyi Honv\u00e9d Hadikult\u00fara Alap\u00edtv\u00e1ny eln\u00f6ke. <\/p>\n<p> Ez m\u00e1r a 22. alkalom volt, amikor hagyom\u00e1ny\u0151rz\u0151k id\u00e9zt\u00e9k fel az 1849-es esem\u00e9nyeket. <\/p>\n<p>-Ez a 49. m\u00e1rcius 5-i csata, 1849-es csata egy nagyon komoly r\u00e9sz volt a v\u00e1ros \u00e9s nyilv\u00e1n eg\u00e9sz orsz\u00e1g t\u00f6rt\u00e9nelm\u00e9ben.  Mi, azt gondolom, ezzel a 22. alkalommal megrendezett hagyom\u00e1ny\u0151rz\u0151 csat\u00e1val m\u00e9lt\u00f3k\u00e9ppen \u0151rizz\u00fck meg a j\u00f6v\u0151nek, a gyerekeinknek. Mindenki l\u00e1ssa honnan indultunk.&#8221; -mondta  Szalay Ferenc, polg\u00e1rmester. <\/p>\n<p>A szolnoki csat\u00e1ra a hideg id\u0151 ellen\u00e9re is sokan k\u00edv\u00e1ncsiak voltak. A 22. Szolnoki Csata hadij\u00e1t\u00e9k a r\u00e9sztvev\u0151 hagyom\u00e1ny\u0151rz\u0151 csapatok d\u00edszszeml\u00e9j\u00e9vel fejez\u0151d\u00f6tt be.<br \/>\n<br \/>\n<div style=\"width: 640px;\" class=\"wp-video\"><!--[if lt IE 9]><script>document.createElement('video');<\/script><![endif]-->\n<video class=\"wp-video-shortcode\" id=\"video-8401-1\" width=\"640\" height=\"360\" preload=\"metadata\" controls=\"controls\"><source type=\"video\/mp4\" src=\"\/spots\/hir\/hir_180305_03.mp4?_=1\" \/><a href=\"\/spots\/hir\/hir_180305_03.mp4\">\/spots\/hir\/hir_180305_03.mp4<\/a><\/video><\/div><\/p>\n","protected":false},"excerpt":{"rendered":"<p>169 \u00e9vvel ezel\u0151tt a szolnoki \u00fctk\u00f6zet k\u00e9sz\u00edtette el\u0151 a dics\u0151s\u00e9ges tavaszi hadj\u00e1ratot. A harcokban nem csak magyar honv\u00e9dek, hanem t\u00f6bbek k\u00f6z\u00f6tt lengyel l\u00e9gi\u00f3sok is r\u00e9szt vettek Wysocki t\u00e1bornok vezet\u00e9s\u00e9vel. A szolnoki csata rendezv\u00e9nysorozat a Lengyel l\u00e9gi\u00f3 utc\u00e1ban kezd\u0151d\u00f6tt ahol a lengyel katon\u00e1kra eml\u00e9keztek a r\u00e9sztvev\u0151k. Az eml\u00e9kt\u00e1bl\u00e1n\u00e1l koszor\u00fat helyezett el t\u00f6bbek k\u00f6z\u00f6tt a szolnoki, valamint [&hellip;]<\/p>\n","protected":false},"author":2,"featured_media":0,"comment_status":"closed","ping_status":"closed","sticky":false,"template":"","format":"standard","meta":[],"categories":[9],"tags":[],"_links":{"self":[{"href":"http:\/\/archiv.szolnoktv.hu\/index.php?rest_route=\/wp\/v2\/posts\/8401"}],"collection":[{"href":"http:\/\/archiv.szolnoktv.hu\/index.php?rest_route=\/wp\/v2\/posts"}],"about":[{"href":"http:\/\/archiv.szolnoktv.hu\/index.php?rest_route=\/wp\/v2\/types\/post"}],"author":[{"embeddable":true,"href":"http:\/\/archiv.szolnoktv.hu\/index.php?rest_route=\/wp\/v2\/users\/2"}],"replies":[{"embeddable":true,"href":"http:\/\/archiv.szolnoktv.hu\/index.php?rest_route=%2Fwp%2Fv2%2Fcomments&post=8401"}],"version-history":[{"count":1,"href":"http:\/\/archiv.szolnoktv.hu\/index.php?rest_route=\/wp\/v2\/posts\/8401\/revisions"}],"predecessor-version":[{"id":8432,"href":"http:\/\/archiv.szolnoktv.hu\/index.php?rest_route=\/wp\/v2\/posts\/8401\/revisions\/8432"}],"wp:attachment":[{"href":"http:\/\/archiv.szolnoktv.hu\/index.php?rest_route=%2Fwp%2Fv2%2Fmedia&parent=8401"}],"wp:term":[{"taxonomy":"category","embeddable":true,"href":"http:\/\/archiv.szolnoktv.hu\/index.php?rest_route=%2Fwp%2Fv2%2Fcategories&post=8401"},{"taxonomy":"post_tag","embeddable":true,"href":"http:\/\/archiv.szolnoktv.hu\/index.php?rest_route=%2Fwp%2Fv2%2Ftags&post=8401"}],"curies":[{"name":"wp","href":"https:\/\/api.w.org\/{rel}","templated":true}]}}