{"id":8400,"date":"2018-03-05T14:22:18","date_gmt":"2018-03-05T14:22:18","guid":{"rendered":"http:\/\/archiv.szolnoktv.hu\/?p=8400"},"modified":"2021-08-13T19:10:58","modified_gmt":"2021-08-13T19:10:58","slug":"kenyeres-lajos-vertanu-plebanosra-emlekeztek-martfun","status":"publish","type":"post","link":"http:\/\/archiv.szolnoktv.hu\/?p=8400","title":{"rendered":"Kenyeres Lajos v\u00e9rtan\u00fa pl\u00e9b\u00e1nosra eml\u00e9keztek Martf\u0171n"},"content":{"rendered":"<div class='booster-block booster-read-block'><\/div><p>Hatvan \u00e9vvel ezel\u0151tt, febru\u00e1r 28-\u00e1n egy martf\u0171i hal\u00e1sz tal\u00e1lta meg az egy \u00e9vvel kor\u00e1bban\u00a0meggyilkolt Kenyeres Lajos pl\u00e9b\u00e1nos holttest\u00e9t az \u00e1rad\u00f3 Tisz\u00e1ban. A hat\u00f3s\u00e1gok addig azt \u00e1ll\u00edtott\u00e1k, hogy a pl\u00e9b\u00e1nos disszid\u00e1lt. A v\u00e1ci egyh\u00e1zmegye v\u00e9rtan\u00fa papj\u00e1ra eml\u00e9kez\u0151 szentmis\u00e9n Beer Mikl\u00f3s p\u00fcsp\u00f6k szentbesz\u00e9d\u00e9ben hangs\u00falyozta: Kenyeres Lajos az emberekhez hitelesen hozta k\u00f6zel \u00e9letad\u00f3 \u00e1ldozat\u00e1val a szeretetet. Ezt azonban ellens\u00e9gei nem b\u00edrt\u00e1k elviselni  &#8211;   el kellett hallgattatni. Nem viselt\u00e9k el, hogy Kenyeres Lajos azt hirdette, hogy Isten maga a szeretet, az irgalmass\u00e1g \u00e9s a j\u00f3s\u00e1g, minden \u00e9let forr\u00e1sa. <\/p>\n<p>-A gy\u0171l\u00f6let, az akkori politikai helyzet, a megtorl\u00e1s \u00e9vtizedei, bossz\u00fat akartak \u00e1llni ezen az igaz lelk\u0171 papunkon, aki bizonyos naivit\u00e1ssal, K\u00e1d\u00e1rhoz \u00e9s Brezsnyevhez is levelet \u00edrt, hogy hagyj\u00e1k m\u00e1r abba a kiv\u00e9gz\u00e9seket. H\u00e1t \u0151t is kiv\u00e9gezt\u00e9k, elhallgattatt\u00e1k.&#8221; &#8211; mondta a p\u00fcsp\u00f6k. <\/p>\n<p>Kenyeres Lajos atya m\u00e1rt\u00edrhal\u00e1l\u00e1nak t\u00e9nye \u00e9s t\u00f6rt\u00e9nete egyre ismertebb orsz\u00e1gszerte. Tisztelete folyamatosan \u00e9l sz\u00fcl\u0151hely\u00e9n, a k\u00f6rnyez\u0151 telep\u00fcl\u00e9seken, valamint szolg\u00e1lati helyein. Az \u00e9rintett telep\u00fcl\u00e9seken minden \u00e9vben megeml\u00e9kez\u0151 szentmis\u00e9t tartanak \u00e9s im\u00e1dkoznak boldogg\u00e1 avat\u00e1s\u00e1\u00e9rt. <\/p>\n<p>-Merj\u00fcnk ki\u00e1llni az igazs\u00e1g mellett. Ezt \u00fczeni nek\u00fcnk. Hogy nem szabad, hogy a pillanatnyi \u00e9rdek, a haszon kompromisszumokra k\u00e9sztessen benn\u00fcnket. &#8211; &#8211; f\u0171zte hozz\u00e1 a p\u00fcsp\u00f6k. <\/p>\n<p>Az \u00e9vfordul\u00f3 alkalm\u00e1b\u00f3l mondott szentmis\u00e9t k\u00f6vet\u0151en Kenyeres Lajost \u00e1br\u00e1zol\u00f3 eml\u00e9kdomborm\u0171vet lepleztek le a templom f\u0151bej\u00e1rata melletti falr\u00e9szen, melyet B. Laborcz Fl\u00f3ra, Ferenczy-d\u00edjas \u00f6tv\u00f6sm\u0171v\u00e9sz k\u00e9sz\u00edtett.<br \/>\n<br \/>\n<div style=\"width: 640px;\" class=\"wp-video\"><!--[if lt IE 9]><script>document.createElement('video');<\/script><![endif]-->\n<video class=\"wp-video-shortcode\" id=\"video-8400-1\" width=\"640\" height=\"360\" preload=\"metadata\" controls=\"controls\"><source type=\"video\/mp4\" src=\"\/spots\/hir\/hir_180305_02.mp4?_=1\" \/><a href=\"\/spots\/hir\/hir_180305_02.mp4\">\/spots\/hir\/hir_180305_02.mp4<\/a><\/video><\/div><\/p>\n","protected":false},"excerpt":{"rendered":"<p>Hatvan \u00e9vvel ezel\u0151tt, febru\u00e1r 28-\u00e1n egy martf\u0171i hal\u00e1sz tal\u00e1lta meg az egy \u00e9vvel kor\u00e1bban\u00a0meggyilkolt Kenyeres Lajos pl\u00e9b\u00e1nos holttest\u00e9t az \u00e1rad\u00f3 Tisz\u00e1ban. A hat\u00f3s\u00e1gok addig azt \u00e1ll\u00edtott\u00e1k, hogy a pl\u00e9b\u00e1nos disszid\u00e1lt. A v\u00e1ci egyh\u00e1zmegye v\u00e9rtan\u00fa papj\u00e1ra eml\u00e9kez\u0151 szentmis\u00e9n Beer Mikl\u00f3s p\u00fcsp\u00f6k szentbesz\u00e9d\u00e9ben hangs\u00falyozta: Kenyeres Lajos az emberekhez hitelesen hozta k\u00f6zel \u00e9letad\u00f3 \u00e1ldozat\u00e1val a szeretetet. Ezt azonban [&hellip;]<\/p>\n","protected":false},"author":2,"featured_media":0,"comment_status":"closed","ping_status":"closed","sticky":false,"template":"","format":"standard","meta":[],"categories":[9],"tags":[],"_links":{"self":[{"href":"http:\/\/archiv.szolnoktv.hu\/index.php?rest_route=\/wp\/v2\/posts\/8400"}],"collection":[{"href":"http:\/\/archiv.szolnoktv.hu\/index.php?rest_route=\/wp\/v2\/posts"}],"about":[{"href":"http:\/\/archiv.szolnoktv.hu\/index.php?rest_route=\/wp\/v2\/types\/post"}],"author":[{"embeddable":true,"href":"http:\/\/archiv.szolnoktv.hu\/index.php?rest_route=\/wp\/v2\/users\/2"}],"replies":[{"embeddable":true,"href":"http:\/\/archiv.szolnoktv.hu\/index.php?rest_route=%2Fwp%2Fv2%2Fcomments&post=8400"}],"version-history":[{"count":1,"href":"http:\/\/archiv.szolnoktv.hu\/index.php?rest_route=\/wp\/v2\/posts\/8400\/revisions"}],"predecessor-version":[{"id":8433,"href":"http:\/\/archiv.szolnoktv.hu\/index.php?rest_route=\/wp\/v2\/posts\/8400\/revisions\/8433"}],"wp:attachment":[{"href":"http:\/\/archiv.szolnoktv.hu\/index.php?rest_route=%2Fwp%2Fv2%2Fmedia&parent=8400"}],"wp:term":[{"taxonomy":"category","embeddable":true,"href":"http:\/\/archiv.szolnoktv.hu\/index.php?rest_route=%2Fwp%2Fv2%2Fcategories&post=8400"},{"taxonomy":"post_tag","embeddable":true,"href":"http:\/\/archiv.szolnoktv.hu\/index.php?rest_route=%2Fwp%2Fv2%2Ftags&post=8400"}],"curies":[{"name":"wp","href":"https:\/\/api.w.org\/{rel}","templated":true}]}}