{"id":8399,"date":"2018-03-05T14:21:00","date_gmt":"2018-03-05T14:21:00","guid":{"rendered":"http:\/\/archiv.szolnoktv.hu\/?p=8399"},"modified":"2021-08-13T19:10:59","modified_gmt":"2021-08-13T19:10:59","slug":"tobb-szaz-szolnoki-vallalt-munkat-az-ndk-ban","status":"publish","type":"post","link":"http:\/\/archiv.szolnoktv.hu\/?p=8399","title":{"rendered":"T\u00f6bb sz\u00e1z szolnoki v\u00e1llalt munk\u00e1t az NDK-ban"},"content":{"rendered":"<div class='booster-block booster-read-block'><\/div><p>Az NDK indul\u00f3 k\u00f6z\u00f6s \u00e9nekl\u00e9s\u00e9vel indult a NDK-S Magyarok K\u00f6zhaszn\u00fa Egyes\u00fclet\u00e9nek els\u0151 szolnoki tal\u00e1lkoz\u00f3ja. A 2009-ben alakult egyes\u00fclet rendszeresen szervez hasonl\u00f3 \u00f6sszej\u00f6vetelt az orsz\u00e1g sz\u00e1mos pontj\u00e1n, hogy megtal\u00e1lj\u00e1k azokat, akik t\u00f6bb mint 30 \u00e9vvel ezel\u0151tt az NDK-ban dolgoztak.  1967-83-k\u00f6z\u00f6tt volt \u00e9letben az NDK \u00e9s Magyarorsz\u00e1g\u00a0 k\u00f6z\u00f6tt az az egyezm\u00e9ny, melynek keret\u00e9ben magyar fiatalok mehettek 3 \u00e9ves szerz\u0151d\u00e9ssel az NDK k\u00fcl\u00f6nb\u00f6z\u0151 v\u00e1rosaiba dolgozni. Majd 40 ezer fiatal dolgozott a N\u00e9met Demokratikus K\u00f6zt\u00e1rsas\u00e1gban. <\/p>\n<p>-Most Szolnokon vagyunk, \u00e9s akik Szolnokr\u00f3l dolgoztak az NDK-ban, de m\u00e9g nem tudnak az egyes\u00fcletr\u0151l, \u00e9s keresik r\u00e9gi bar\u00e1taikat, hogy \u0151k is r\u00e1nk tal\u00e1ljanak. Rem\u00e9lem j\u00f6nnek \u00faj emberek, akik r\u00e1nk tal\u00e1lnak. &#8212; mondta Gergely M\u00e1rta, titk\u00e1r. <\/p>\n<p>Az egyes\u00fclet tagjai minden \u00e9vben nosztalgia\u00fatra indulnak, megl\u00e1togatj\u00e1k azokat a v\u00e1rosokat, ahol egykoron \u00e9ltek, a gy\u00e1rakat, ahol dolgoztak \u00e9s eml\u00e9kf\u00e1t is \u00fcltettek. Ifj\u00fakoruk legszebb \u00e9veit t\u00f6lt\u00f6tt\u00e9k ott -mondj\u00e1k a tagok. Volter J\u00f3zsef eszterg\u00e1lyosk\u00e9nt dolgozott Kelet-N\u00e9metorsz\u00e1gban. <\/p>\n<p>-Azt \u00e1t\u00e9lni, azt a h\u00e1rom \u00e9vet az elmondhatatlan. Azok az \u00e9lm\u00e9nyek, eml\u00e9kek, ez ut\u00e1nozhatatlan. Nagyin m\u00e9ly benyom\u00e1sokat tettek, Nagyon m\u00e9ly benyom\u00e1st tett. &#8211;<\/p>\n<p> Ez az \u00f6sszecsukhat\u00f3 sz\u00ednh\u00e1zi t\u00e1vcs\u0151 bizony\u00e1ra sokaknak ismer\u0151s  &#8211;   ilyen \u00e9s ehhez hasonl\u00f3 kelet-n\u00e9met retro t\u00e1rgyakb\u00f3l t\u00e1rlatot is rendezett az egyes\u00fclet. A tagok szolnoki l\u00e1togat\u00e1suk sor\u00e1n megtekintett\u00e9k a S\u00f6r\u00e1riumot \u00e9s a Szolnoki csat\u00e1t is. Legk\u00f6zelebb m\u00e1jusban j\u00f6nnek majd \u00f6ssze, akkor rendezik ugyanis orsz\u00e1gos tal\u00e1lkoz\u00f3jukat, melyre t\u00f6bb sz\u00e1z volt NDK-s dolgoz\u00f3t v\u00e1rnak.<br \/>\n<br \/>\n<div style=\"width: 640px;\" class=\"wp-video\"><!--[if lt IE 9]><script>document.createElement('video');<\/script><![endif]-->\n<video class=\"wp-video-shortcode\" id=\"video-8399-1\" width=\"640\" height=\"360\" preload=\"metadata\" controls=\"controls\"><source type=\"video\/mp4\" src=\"\/spots\/hir\/hir_180305_01.mp4?_=1\" \/><a href=\"\/spots\/hir\/hir_180305_01.mp4\">\/spots\/hir\/hir_180305_01.mp4<\/a><\/video><\/div><\/p>\n","protected":false},"excerpt":{"rendered":"<p>Az NDK indul\u00f3 k\u00f6z\u00f6s \u00e9nekl\u00e9s\u00e9vel indult a NDK-S Magyarok K\u00f6zhaszn\u00fa Egyes\u00fclet\u00e9nek els\u0151 szolnoki tal\u00e1lkoz\u00f3ja. A 2009-ben alakult egyes\u00fclet rendszeresen szervez hasonl\u00f3 \u00f6sszej\u00f6vetelt az orsz\u00e1g sz\u00e1mos pontj\u00e1n, hogy megtal\u00e1lj\u00e1k azokat, akik t\u00f6bb mint 30 \u00e9vvel ezel\u0151tt az NDK-ban dolgoztak. 1967-83-k\u00f6z\u00f6tt volt \u00e9letben az NDK \u00e9s Magyarorsz\u00e1g\u00a0 k\u00f6z\u00f6tt az az egyezm\u00e9ny, melynek keret\u00e9ben magyar fiatalok mehettek 3 [&hellip;]<\/p>\n","protected":false},"author":2,"featured_media":0,"comment_status":"closed","ping_status":"closed","sticky":false,"template":"","format":"standard","meta":[],"categories":[9],"tags":[],"_links":{"self":[{"href":"http:\/\/archiv.szolnoktv.hu\/index.php?rest_route=\/wp\/v2\/posts\/8399"}],"collection":[{"href":"http:\/\/archiv.szolnoktv.hu\/index.php?rest_route=\/wp\/v2\/posts"}],"about":[{"href":"http:\/\/archiv.szolnoktv.hu\/index.php?rest_route=\/wp\/v2\/types\/post"}],"author":[{"embeddable":true,"href":"http:\/\/archiv.szolnoktv.hu\/index.php?rest_route=\/wp\/v2\/users\/2"}],"replies":[{"embeddable":true,"href":"http:\/\/archiv.szolnoktv.hu\/index.php?rest_route=%2Fwp%2Fv2%2Fcomments&post=8399"}],"version-history":[{"count":1,"href":"http:\/\/archiv.szolnoktv.hu\/index.php?rest_route=\/wp\/v2\/posts\/8399\/revisions"}],"predecessor-version":[{"id":8434,"href":"http:\/\/archiv.szolnoktv.hu\/index.php?rest_route=\/wp\/v2\/posts\/8399\/revisions\/8434"}],"wp:attachment":[{"href":"http:\/\/archiv.szolnoktv.hu\/index.php?rest_route=%2Fwp%2Fv2%2Fmedia&parent=8399"}],"wp:term":[{"taxonomy":"category","embeddable":true,"href":"http:\/\/archiv.szolnoktv.hu\/index.php?rest_route=%2Fwp%2Fv2%2Fcategories&post=8399"},{"taxonomy":"post_tag","embeddable":true,"href":"http:\/\/archiv.szolnoktv.hu\/index.php?rest_route=%2Fwp%2Fv2%2Ftags&post=8399"}],"curies":[{"name":"wp","href":"https:\/\/api.w.org\/{rel}","templated":true}]}}